{"id":10171,"date":"2024-09-10T12:14:37","date_gmt":"2024-09-10T12:14:37","guid":{"rendered":"https:\/\/www.andoaindarraeuskaraz.eus\/?p=10171"},"modified":"2024-09-10T12:18:13","modified_gmt":"2024-09-10T12:18:13","slug":"eskaerak-aurkezteko-epea-irekita","status":"publish","type":"post","link":"https:\/\/www.andoaindarraeuskaraz.eus\/es\/2024\/09\/10\/euskera-eskaerak-aurkezteko-epea-irekita\/","title":{"rendered":"Abierto el plazo para solicitar ayudas"},"content":{"rendered":"<p><\/p>\n<ul>\n<li><strong>Para la realizaci\u00f3n de cursos para la obtenci\u00f3n del t\u00edtulo de monitoras\/es y directoras\/es de tiempo libre y para la formaci\u00f3n espec\u00edfica de educadoras\/es.<\/strong><\/li>\n<\/ul>\n<ul>\n<li><strong>Para la realizaci\u00f3n de cursos de verano de nivel universitario organizados por organismos oficiales.<\/strong><\/li>\n<\/ul>\n<p>Desde el 11 de septiembre al 14 de octubre permanecer\u00e1 abierto el plazo para la presentaci\u00f3n de solicitudes de ayuda en el servicio ATARIA del Ayuntamiento de Andoain, as\u00ed como en su sede electr\u00f3nica.\u00e7<\/p>\n<p>M\u00e1s informaci\u00f3n <strong><a href=\"https:\/\/www.andoaindarraeuskaraz.eus\/es\/ayudas-economicas\/\">AQU\u00cd<\/a><\/strong><\/p>","protected":false},"excerpt":{"rendered":"<p>Para la realizaci\u00f3n de cursos para la obtenci\u00f3n del t\u00edtulo de monitoras\/es y directoras\/es de tiempo libre y para la formaci\u00f3n espec\u00edfica de educadoras\/es. Para la realizaci\u00f3n de cursos de verano de nivel universitario organizados por organismos oficiales. Desde el 11 de septiembre al 14 de octubre permanecer\u00e1 abierto el plazo para la presentaci\u00f3n de&#8230; <\/p>\n<div class=\"clear\"><\/div>\n<p><a href=\"https:\/\/www.andoaindarraeuskaraz.eus\/es\/2024\/09\/10\/euskera-eskaerak-aurkezteko-epea-irekita\/\" class=\"excerpt-read-more\">Read More<i class=\"fa fa-caret-right icon-caret-right\"><\/i><\/a><\/p>\n","protected":false},"author":1,"featured_media":9684,"comment_status":"closed","ping_status":"closed","sticky":false,"template":"","format":"standard","meta":[],"categories":[59,1],"tags":[],"_links":{"self":[{"href":"https:\/\/www.andoaindarraeuskaraz.eus\/es\/wp-json\/wp\/v2\/posts\/10171"}],"collection":[{"href":"https:\/\/www.andoaindarraeuskaraz.eus\/es\/wp-json\/wp\/v2\/posts"}],"about":[{"href":"https:\/\/www.andoaindarraeuskaraz.eus\/es\/wp-json\/wp\/v2\/types\/post"}],"author":[{"embeddable":true,"href":"https:\/\/www.andoaindarraeuskaraz.eus\/es\/wp-json\/wp\/v2\/users\/1"}],"replies":[{"embeddable":true,"href":"https:\/\/www.andoaindarraeuskaraz.eus\/es\/wp-json\/wp\/v2\/comments?post=10171"}],"version-history":[{"count":3,"href":"https:\/\/www.andoaindarraeuskaraz.eus\/es\/wp-json\/wp\/v2\/posts\/10171\/revisions"}],"predecessor-version":[{"id":10174,"href":"https:\/\/www.andoaindarraeuskaraz.eus\/es\/wp-json\/wp\/v2\/posts\/10171\/revisions\/10174"}],"wp:featuredmedia":[{"embeddable":true,"href":"https:\/\/www.andoaindarraeuskaraz.eus\/es\/wp-json\/wp\/v2\/media\/9684"}],"wp:attachment":[{"href":"https:\/\/www.andoaindarraeuskaraz.eus\/es\/wp-json\/wp\/v2\/media?parent=10171"}],"wp:term":[{"taxonomy":"category","embeddable":true,"href":"https:\/\/www.andoaindarraeuskaraz.eus\/es\/wp-json\/wp\/v2\/categories?post=10171"},{"taxonomy":"post_tag","embeddable":true,"href":"https:\/\/www.andoaindarraeuskaraz.eus\/es\/wp-json\/wp\/v2\/tags?post=10171"}],"curies":[{"name":"wp","href":"https:\/\/api.w.org\/{rel}","templated":true}]}}