{"id":10384,"date":"2025-03-21T12:37:56","date_gmt":"2025-03-21T12:37:56","guid":{"rendered":"https:\/\/www.andoaindarraeuskaraz.eus\/?p=10384"},"modified":"2025-03-31T06:45:00","modified_gmt":"2025-03-31T06:45:00","slug":"10384","status":"publish","type":"post","link":"https:\/\/www.andoaindarraeuskaraz.eus\/es\/2025\/03\/21\/10384\/","title":{"rendered":"10. ANDOAIN LABURREAN bideo lehiaketa"},"content":{"rendered":"<p><strong>Se han presentado ya las bases de esta edici\u00f3n.<\/strong><\/p>\n<p>Puede tomar parte en este concurso cualquier persona que no sea profesional y viva, estudie o trabaje en las comarcas de Beterri o Aiztondon.<\/p>\n<p>Cualquier contenido ling\u00fc\u00edstico que contenga el video estar\u00e1 en euskera (voz, m\u00fasica, carteles, elementos gr\u00e1ficos&#8230;). El tema es libre, pero deber\u00e1 aparecer UNA VENTANA, ya sea como elemento principal o como en un momento concreto.<\/p>\n<p>El \u00faltimo d\u00eda para presentar los trabajos ser\u00e1 el <strong>19 de mayo de 2025<\/strong>. Para presentar dichos trabajos se deber\u00e1 complimentar <strong><a href=\"https:\/\/forms.gle\/3vJUDdvBnTpzpsGe6\">EL FORMULARIO<\/a><\/strong> y luego enviar el video a trav\u00e9s de <em>My Air Bridge<\/em> (www.myairbridge.com).<\/p>\n<p>El primer premio es de\u00a0 500 \u20ac, el segundo de\u00a0 300 \u20ac, y el \u00abpremio del p\u00fablico\u00bb de 150 \u20ac. El p\u00fablico podr\u00e1 votar su trabajo favorito a trav\u00e9s de la p\u00e1gina web\u00a0 <a href=\"http:\/\/www.andoaindarraeuskaraz.eus\">andoaindarraeuskaraz.eus<\/a>.<\/p>\n<p>La entrega de premios se llevar\u00e1 a cabo <strong>\u00a0el 4 de junio de 2025<\/strong>, en el sal\u00f3n de actos de Bastero Kulturgunea, a las 19:00 horas. En este evento se dar\u00e1 a conocer el palmar\u00e9s de esta edici\u00f3n y se proyectar\u00e1n los mejores trabajos.<\/p>\n<p>BASES <strong><a href=\"https:\/\/www.andoaindarraeuskaraz.eus\/wp-content\/uploads\/2025\/03\/Oinarriak2025_zabaltzeko-1.pdf\">AQU\u00cd<\/a><\/strong><\/p>","protected":false},"excerpt":{"rendered":"<p>Se han presentado ya las bases de esta edici\u00f3n. Puede tomar parte en este concurso cualquier persona que no sea profesional y viva, estudie o trabaje en las comarcas de Beterri o Aiztondon. Cualquier contenido ling\u00fc\u00edstico que contenga el video estar\u00e1 en euskera (voz, m\u00fasica, carteles, elementos gr\u00e1ficos&#8230;). El tema es libre, pero deber\u00e1 aparecer&#8230; <\/p>\n<div class=\"clear\"><\/div>\n<p><a href=\"https:\/\/www.andoaindarraeuskaraz.eus\/es\/2025\/03\/21\/10384\/\" class=\"excerpt-read-more\">Read More<i class=\"fa fa-caret-right icon-caret-right\"><\/i><\/a><\/p>\n","protected":false},"author":1,"featured_media":10386,"comment_status":"closed","ping_status":"closed","sticky":false,"template":"","format":"standard","meta":[],"categories":[59],"tags":[],"_links":{"self":[{"href":"https:\/\/www.andoaindarraeuskaraz.eus\/es\/wp-json\/wp\/v2\/posts\/10384"}],"collection":[{"href":"https:\/\/www.andoaindarraeuskaraz.eus\/es\/wp-json\/wp\/v2\/posts"}],"about":[{"href":"https:\/\/www.andoaindarraeuskaraz.eus\/es\/wp-json\/wp\/v2\/types\/post"}],"author":[{"embeddable":true,"href":"https:\/\/www.andoaindarraeuskaraz.eus\/es\/wp-json\/wp\/v2\/users\/1"}],"replies":[{"embeddable":true,"href":"https:\/\/www.andoaindarraeuskaraz.eus\/es\/wp-json\/wp\/v2\/comments?post=10384"}],"version-history":[{"count":3,"href":"https:\/\/www.andoaindarraeuskaraz.eus\/es\/wp-json\/wp\/v2\/posts\/10384\/revisions"}],"predecessor-version":[{"id":10418,"href":"https:\/\/www.andoaindarraeuskaraz.eus\/es\/wp-json\/wp\/v2\/posts\/10384\/revisions\/10418"}],"wp:featuredmedia":[{"embeddable":true,"href":"https:\/\/www.andoaindarraeuskaraz.eus\/es\/wp-json\/wp\/v2\/media\/10386"}],"wp:attachment":[{"href":"https:\/\/www.andoaindarraeuskaraz.eus\/es\/wp-json\/wp\/v2\/media?parent=10384"}],"wp:term":[{"taxonomy":"category","embeddable":true,"href":"https:\/\/www.andoaindarraeuskaraz.eus\/es\/wp-json\/wp\/v2\/categories?post=10384"},{"taxonomy":"post_tag","embeddable":true,"href":"https:\/\/www.andoaindarraeuskaraz.eus\/es\/wp-json\/wp\/v2\/tags?post=10384"}],"curies":[{"name":"wp","href":"https:\/\/api.w.org\/{rel}","templated":true}]}}