{"id":6267,"date":"2016-09-02T09:48:49","date_gmt":"2016-09-02T09:48:49","guid":{"rendered":"http:\/\/www.andoaindarraeuskaraz.eus\/?p=6267"},"modified":"2016-09-12T08:10:52","modified_gmt":"2016-09-12T08:10:52","slug":"andoaindarra-euskaraz-eguna-kanta-2","status":"publish","type":"post","link":"https:\/\/www.andoaindarraeuskaraz.eus\/es\/2016\/09\/02\/euskera-andoaindarra-euskaraz-eguna-kanta-2\/","title":{"rendered":"Canci\u00f3n y coreograf\u00eda para el andoaindarra euskaraz eguna"},"content":{"rendered":"<p><strong><br \/>\n<\/strong><\/p>\n<p style=\"text-align: center;\"><strong>\u00a0\u00a0\u00a0\u00a0\u00a0\u00a0\u00a0\u00a0\u00a0\u00a0\u00a0\u00a0\u00a0\u00a0\u00a0\u00a0\u00a0\u00a0\u00a0\u00a0\u00a0\u00a0\u00a0\u00a0\u00a0\u00a0\u00a0\u00a0\u00a0\u00a0\u00a0\u00a0\u00a0\u00a0\u00a0\u00a0\u00a0\u00a0\u00a0\u00a0\u00a0\u00a0\u00a0\u00a0\u00a0\u00a0\u00a0\u00a0\u00a0\u00a0\u00a0\u00a0\u00a0\u00a0\u00a0\u00a0\u00a0\u00a0\u00a0\u00a0\u00a0\u00a0\u00a0\u00a0\u00a0\u00a0\u00a0\u00a0\u00a0\u00a0<a href=\"https:\/\/youtu.be\/kMKlkNAof9E\"> AndoaINDARRA EUSKARAZ! <\/a>: la canci\u00f3n y la <a href=\"https:\/\/youtu.be\/oXaAS2ahyyg\"><span style=\"color: #0000ff;\">coreograf\u00eda<\/span><\/a><br \/>\n<\/strong><\/p>\n<p><strong>\u00a0\u00bfPreparadas-os para mover el esqueleto?<\/strong><\/p>\n<p style=\"text-align: left;\">Aqu\u00ed os presentamos la canci\u00f3n que hemos preparado para celebrar el pr\u00f3ximo 24 de septiembre el\u00a0 <strong>AndoaINDARRA EUSKARAZ<\/strong> eguna . El autor de la m\u00fasica es Jon Oiartzun <em>Jomes<\/em>, la letra de Garazi Kamio, y est\u00e1 interpretada por Garazi Jauregi y Rebeka Gestoso, ambas miembros del grupo Lorratzak. Adem\u00e1s de la canci\u00f3n, Leire Rekalde ha preparado una coreografia que podeis empezar a ensayar, para bailarla todas-os juntas-os el pr\u00f3ximo d\u00eda 24 all\u00e1 por las 19:00 horas.<\/p>\n<p style=\"text-align: left;\">El departamento de Euskera del Ayuntamiento quiere, asismismo, agradecer el trabajo de todas-os las-os andoaindarras, sean particulares, sean asociaciones que est\u00e1n tomando parte en la organizaci\u00f3n de andoaINDARRA euskaraz eguna.<\/p>\n<p><\/p>","protected":false},"excerpt":{"rendered":"<p>\u00a0\u00a0\u00a0\u00a0\u00a0\u00a0\u00a0\u00a0\u00a0\u00a0\u00a0\u00a0\u00a0\u00a0\u00a0\u00a0\u00a0\u00a0\u00a0\u00a0\u00a0\u00a0\u00a0\u00a0\u00a0\u00a0\u00a0\u00a0\u00a0\u00a0\u00a0\u00a0\u00a0\u00a0\u00a0\u00a0\u00a0\u00a0\u00a0\u00a0\u00a0\u00a0\u00a0\u00a0\u00a0\u00a0\u00a0\u00a0\u00a0\u00a0\u00a0\u00a0\u00a0\u00a0\u00a0\u00a0\u00a0\u00a0\u00a0\u00a0\u00a0\u00a0\u00a0\u00a0\u00a0\u00a0\u00a0\u00a0\u00a0\u00a0 AndoaINDARRA EUSKARAZ! : la canci\u00f3n y la coreograf\u00eda \u00a0\u00bfPreparadas-os para mover el esqueleto? Aqu\u00ed os presentamos la canci\u00f3n que hemos preparado para celebrar el pr\u00f3ximo 24 de septiembre el\u00a0 AndoaINDARRA EUSKARAZ eguna . El autor de la m\u00fasica es Jon Oiartzun Jomes, la letra de Garazi Kamio, y est\u00e1 interpretada por Garazi Jauregi y&#8230; <\/p>\n<div class=\"clear\"><\/div>\n<p><a href=\"https:\/\/www.andoaindarraeuskaraz.eus\/es\/2016\/09\/02\/euskera-andoaindarra-euskaraz-eguna-kanta-2\/\" class=\"excerpt-read-more\">Read More<i class=\"fa fa-caret-right icon-caret-right\"><\/i><\/a><\/p>\n","protected":false},"author":2,"featured_media":6268,"comment_status":"closed","ping_status":"closed","sticky":false,"template":"","format":"standard","meta":[],"categories":[59,1],"tags":[],"_links":{"self":[{"href":"https:\/\/www.andoaindarraeuskaraz.eus\/es\/wp-json\/wp\/v2\/posts\/6267"}],"collection":[{"href":"https:\/\/www.andoaindarraeuskaraz.eus\/es\/wp-json\/wp\/v2\/posts"}],"about":[{"href":"https:\/\/www.andoaindarraeuskaraz.eus\/es\/wp-json\/wp\/v2\/types\/post"}],"author":[{"embeddable":true,"href":"https:\/\/www.andoaindarraeuskaraz.eus\/es\/wp-json\/wp\/v2\/users\/2"}],"replies":[{"embeddable":true,"href":"https:\/\/www.andoaindarraeuskaraz.eus\/es\/wp-json\/wp\/v2\/comments?post=6267"}],"version-history":[{"count":10,"href":"https:\/\/www.andoaindarraeuskaraz.eus\/es\/wp-json\/wp\/v2\/posts\/6267\/revisions"}],"predecessor-version":[{"id":6282,"href":"https:\/\/www.andoaindarraeuskaraz.eus\/es\/wp-json\/wp\/v2\/posts\/6267\/revisions\/6282"}],"wp:featuredmedia":[{"embeddable":true,"href":"https:\/\/www.andoaindarraeuskaraz.eus\/es\/wp-json\/wp\/v2\/media\/6268"}],"wp:attachment":[{"href":"https:\/\/www.andoaindarraeuskaraz.eus\/es\/wp-json\/wp\/v2\/media?parent=6267"}],"wp:term":[{"taxonomy":"category","embeddable":true,"href":"https:\/\/www.andoaindarraeuskaraz.eus\/es\/wp-json\/wp\/v2\/categories?post=6267"},{"taxonomy":"post_tag","embeddable":true,"href":"https:\/\/www.andoaindarraeuskaraz.eus\/es\/wp-json\/wp\/v2\/tags?post=6267"}],"curies":[{"name":"wp","href":"https:\/\/api.w.org\/{rel}","templated":true}]}}