{"id":6295,"date":"2016-09-16T15:41:12","date_gmt":"2016-09-16T15:41:12","guid":{"rendered":"http:\/\/www.andoaindarraeuskaraz.eus\/?p=6295"},"modified":"2016-09-16T15:41:51","modified_gmt":"2016-09-16T15:41:51","slug":"castellano-el-dia-24-desde-el-punto-de-vista-organizativo","status":"publish","type":"post","link":"https:\/\/www.andoaindarraeuskaraz.eus\/es\/2016\/09\/16\/el-dia-24-desde-el-punto-de-vista-organizativo\/","title":{"rendered":"El d\u00eda 24 desde el punto de vista organizativo"},"content":{"rendered":"<p><span style=\"color: #000000;\"><b><a href=\"https:\/\/www.andoaindarraeuskaraz.eus\/wp-content\/uploads\/2016\/09\/aguado.jpg\"><img loading=\"lazy\" class=\"alignnone size-medium wp-image-6297\" src=\"https:\/\/www.andoaindarraeuskaraz.eus\/wp-content\/uploads\/2016\/09\/aguado-300x221.jpg\" alt=\"aguado\" width=\"300\" height=\"221\" srcset=\"https:\/\/www.andoaindarraeuskaraz.eus\/wp-content\/uploads\/2016\/09\/aguado-300x221.jpg 300w, https:\/\/www.andoaindarraeuskaraz.eus\/wp-content\/uploads\/2016\/09\/aguado.jpg 840w\" sizes=\"(max-width: 300px) 100vw, 300px\" \/><\/a><br \/>\nLa t\u00e9cnico del departamento de Euskera Arantza Aguado se halla inmersa en la organizaci\u00f3n del primer <\/b><\/span><span style=\"color: #000000;\"><i><b>Andoaindarra euskeraz eguna<\/b><\/i><\/span><span style=\"color: #000000;\"><b>. Tal y como ella asegura, una celebraci\u00f3n que es fruto del trabajo de mucha gente.<\/b><\/span><\/p>\n<p><span style=\"color: #000000;\">Entrevista:<\/span><\/p>\n<p><span style=\"color: #000000;\"><b>El pasado d\u00eda 7 de septiembre hicisteis la presentaci\u00f3n del primer <\/b><\/span><span style=\"color: #000000;\"><i><b>Andoaindarra euskeraz eguna,<\/b><\/i><\/span><span style=\"color: #000000;\"><b> junto a muchos representantes de la vida social, cultural, deportiva y pol\u00edtica de Andoain. \u00bfSe puede considerar que es una labor colectiva?<\/b><\/span><\/p>\n<p><span style=\"color: #000000;\">Desde el principio nuestro deseo era implicar a amplios sectores de la sociedad, tanto a nivel individual como colectivo. El Ayuntamiento pone a disposici\u00f3n de dichos agentes <\/span><span style=\"color: #000000;\"><span style=\"text-decoration: line-through;\">de<\/span><\/span><span style=\"color: #000000;\"> toda la infraestructura necesaria, as\u00ed como alguna ayuda econ\u00f3mica. Hemos estado abiertos a varias propuestas y a decir verdad la idea inicial era hacer un programa m\u00e1s reducido, pero fue ampli\u00e1ndose debido a la voluntad de participaci\u00f3n de muchos grupos y asociaciones en la fiesta del d\u00eda 24 . Con lo cual el programa ha resultado m\u00e1s ambicioso y completo. Estamos muy contentos con las aportaciones recibidas.<\/span><\/p>\n<p><span style=\"color: #000000;\"><b>Con un valor a\u00f1adido, que es que sirve para hacer un municipio m\u00e1s cohesionado&#8230;<\/b><\/span><\/p>\n<p><span style=\"color: #000000;\">Entre las debilidades que tiene el euskera, muchas veces se cita la necesidad de coaligarnos m\u00e1s. En ese sentido el d\u00eda del euskera est\u00e1 sirviendo para ir tejiendo una red entre diferentes colectivos.<\/span><\/p>\n<p><span style=\"color: #000000;\"><b>La fiesta ser\u00e1 en Goikoplaza, un lugar abierto y muy amplio. \u00bfHa sido una elecci\u00f3n consciente?<\/b><\/span> <span style=\"color: #000000;\"><b>Por otra parte hace falta atraer a mucha gente para un espacio tan amplio. <\/b><\/span><\/p>\n<p><span style=\"color: #000000;\">Ten\u00edamos muy claro que ten\u00eda que ser al aire libre. Y si hemos decidido hacerlo en Goikoplaza es porque los datos de utilizaci\u00f3n del euskera en esa zona es m\u00e1s reducida. Queremos demostrar que los euskaldunes estamos ah\u00ed, y que vivimos en un ambiente euskaldun, y vemos conveniente llegar a la gente que quiz\u00e1s no est\u00e1 tan concienciada.<\/span><\/p>\n<p><span style=\"color: #000000;\"><b>\u00bfCu\u00e1l es el sentimiento que tienes en los proleg\u00f3menos del d\u00eda del euskera?<\/b><\/span><\/p>\n<p><span style=\"color: #000000;\">Estoy muy satisfecha con todas las aportaciones que hemos recogido de los diversos colectivos. Es la primera edici\u00f3n y me gustar\u00eda que nadie se estresara demasiado. Es un d\u00eda para disfrutar.<\/span><\/p>\n<p><span style=\"color: #000000;\"><b>Y al d\u00eda siguiente, \u00bfcon que te sentir\u00edas satisfecha?<\/b><\/span><\/p>\n<p><span style=\"color: #000000;\">Me gustar\u00eda que todos los que participemos disfrutemos. Es un d\u00eda para divertirse, incluso la gente que est\u00e9 trabajando en la organizaci\u00f3n de los eventos. Que sea una fiesta tanto para los que est\u00e9n implicados en la organizaci\u00f3n como para el p\u00fablico en general.<\/span><\/p>","protected":false},"excerpt":{"rendered":"<p>La t\u00e9cnico del departamento de Euskera Arantza Aguado se halla inmersa en la organizaci\u00f3n del primer Andoaindarra euskeraz eguna. Tal y como ella asegura, una celebraci\u00f3n que es fruto del trabajo de mucha gente. Entrevista: El pasado d\u00eda 7 de septiembre hicisteis la presentaci\u00f3n del primer Andoaindarra euskeraz eguna, junto a muchos representantes de la&#8230; <\/p>\n<div class=\"clear\"><\/div>\n<p><a href=\"https:\/\/www.andoaindarraeuskaraz.eus\/es\/2016\/09\/16\/el-dia-24-desde-el-punto-de-vista-organizativo\/\" class=\"excerpt-read-more\">Read More<i class=\"fa fa-caret-right icon-caret-right\"><\/i><\/a><\/p>\n","protected":false},"author":2,"featured_media":0,"comment_status":"closed","ping_status":"closed","sticky":false,"template":"","format":"standard","meta":[],"categories":[1],"tags":[],"_links":{"self":[{"href":"https:\/\/www.andoaindarraeuskaraz.eus\/es\/wp-json\/wp\/v2\/posts\/6295"}],"collection":[{"href":"https:\/\/www.andoaindarraeuskaraz.eus\/es\/wp-json\/wp\/v2\/posts"}],"about":[{"href":"https:\/\/www.andoaindarraeuskaraz.eus\/es\/wp-json\/wp\/v2\/types\/post"}],"author":[{"embeddable":true,"href":"https:\/\/www.andoaindarraeuskaraz.eus\/es\/wp-json\/wp\/v2\/users\/2"}],"replies":[{"embeddable":true,"href":"https:\/\/www.andoaindarraeuskaraz.eus\/es\/wp-json\/wp\/v2\/comments?post=6295"}],"version-history":[{"count":2,"href":"https:\/\/www.andoaindarraeuskaraz.eus\/es\/wp-json\/wp\/v2\/posts\/6295\/revisions"}],"predecessor-version":[{"id":6298,"href":"https:\/\/www.andoaindarraeuskaraz.eus\/es\/wp-json\/wp\/v2\/posts\/6295\/revisions\/6298"}],"wp:attachment":[{"href":"https:\/\/www.andoaindarraeuskaraz.eus\/es\/wp-json\/wp\/v2\/media?parent=6295"}],"wp:term":[{"taxonomy":"category","embeddable":true,"href":"https:\/\/www.andoaindarraeuskaraz.eus\/es\/wp-json\/wp\/v2\/categories?post=6295"},{"taxonomy":"post_tag","embeddable":true,"href":"https:\/\/www.andoaindarraeuskaraz.eus\/es\/wp-json\/wp\/v2\/tags?post=6295"}],"curies":[{"name":"wp","href":"https:\/\/api.w.org\/{rel}","templated":true}]}}