{"id":6734,"date":"2017-05-23T12:39:42","date_gmt":"2017-05-23T12:39:42","guid":{"rendered":"http:\/\/www.andoaindarraeuskaraz.eus\/?p=6734"},"modified":"2017-05-23T12:43:39","modified_gmt":"2017-05-23T12:43:39","slug":"goazen-jolastera-udaleku-irekietan-izen-ematea-maiatzaren-31-arte","status":"publish","type":"post","link":"https:\/\/www.andoaindarraeuskaraz.eus\/es\/2017\/05\/23\/euskera-goazen-jolastera-udaleku-irekietan-izen-ematea-maiatzaren-31-arte\/","title":{"rendered":"Abierta la inscripci\u00f3n para las colonias abiertas de verano Goazen Jolastera"},"content":{"rendered":"<p>Junto al servicio&nbsp; ATARIA del Ayuntamiento, de lunes a viernes de&nbsp; 17:00 a 19:30,<\/p>\n<p>y los martes y jueves, tambi\u00e9n de 10:30 a 12:30.<\/p>\n<p><span style=\"color: #0000ff;\"><strong><a style=\"color: #0000ff;\" href=\"https:\/\/www.andoaindarraeuskaraz.eus\/es\/ninos-y-jovenes\/colonias-abiertas-de-verano-goazen-jolastera\/\">M\u00e1s informaci\u00f3n<\/a>.<\/strong><\/span><\/p>\n<p>&nbsp;<\/p>\n<p>&nbsp;<\/p>","protected":false},"excerpt":{"rendered":"<p>Junto al servicio&nbsp; ATARIA del Ayuntamiento, de lunes a viernes de&nbsp; 17:00 a 19:30, y los martes y jueves, tambi\u00e9n de 10:30 a 12:30. M\u00e1s informaci\u00f3n. &nbsp; &nbsp;<\/p>\n","protected":false},"author":2,"featured_media":6714,"comment_status":"closed","ping_status":"closed","sticky":false,"template":"","format":"standard","meta":[],"categories":[59,58],"tags":[],"_links":{"self":[{"href":"https:\/\/www.andoaindarraeuskaraz.eus\/es\/wp-json\/wp\/v2\/posts\/6734"}],"collection":[{"href":"https:\/\/www.andoaindarraeuskaraz.eus\/es\/wp-json\/wp\/v2\/posts"}],"about":[{"href":"https:\/\/www.andoaindarraeuskaraz.eus\/es\/wp-json\/wp\/v2\/types\/post"}],"author":[{"embeddable":true,"href":"https:\/\/www.andoaindarraeuskaraz.eus\/es\/wp-json\/wp\/v2\/users\/2"}],"replies":[{"embeddable":true,"href":"https:\/\/www.andoaindarraeuskaraz.eus\/es\/wp-json\/wp\/v2\/comments?post=6734"}],"version-history":[{"count":4,"href":"https:\/\/www.andoaindarraeuskaraz.eus\/es\/wp-json\/wp\/v2\/posts\/6734\/revisions"}],"predecessor-version":[{"id":6738,"href":"https:\/\/www.andoaindarraeuskaraz.eus\/es\/wp-json\/wp\/v2\/posts\/6734\/revisions\/6738"}],"wp:featuredmedia":[{"embeddable":true,"href":"https:\/\/www.andoaindarraeuskaraz.eus\/es\/wp-json\/wp\/v2\/media\/6714"}],"wp:attachment":[{"href":"https:\/\/www.andoaindarraeuskaraz.eus\/es\/wp-json\/wp\/v2\/media?parent=6734"}],"wp:term":[{"taxonomy":"category","embeddable":true,"href":"https:\/\/www.andoaindarraeuskaraz.eus\/es\/wp-json\/wp\/v2\/categories?post=6734"},{"taxonomy":"post_tag","embeddable":true,"href":"https:\/\/www.andoaindarraeuskaraz.eus\/es\/wp-json\/wp\/v2\/tags?post=6734"}],"curies":[{"name":"wp","href":"https:\/\/api.w.org\/{rel}","templated":true}]}}