{"id":6808,"date":"2017-07-04T10:07:41","date_gmt":"2017-07-04T10:07:41","guid":{"rendered":"http:\/\/www.andoaindarraeuskaraz.eus\/?p=6808"},"modified":"2017-07-04T10:29:38","modified_gmt":"2017-07-04T10:29:38","slug":"datorren-larunbatean-uztailaren-8an-ezagutu-eta-banatuko-dira-aurtengo-rikardo-arregi-kazetaritza-sariak-andoainen","status":"publish","type":"post","link":"https:\/\/www.andoaindarraeuskaraz.eus\/es\/2017\/07\/04\/euskera-datorren-larunbatean-uztailaren-8an-ezagutu-eta-banatuko-dira-aurtengo-rikardo-arregi-kazetaritza-sariak-andoainen\/","title":{"rendered":"EL PR\u00d3XIMO S\u00c1BADO, 8 DE JULIO, SE PROCEDER\u00c1 AL FALLO Y ENTREGA DE LOS PREMIOS RIKARDO ARREGI DE PERIODISMO"},"content":{"rendered":"<p>&nbsp;<strong>Junto a los premios del certamen, se dar\u00e1n a conocer dos menciones especiales:<\/strong><strong> Al diario <em>Eguna<\/em>, que fue el primer diario en euskera; y al suplemento semanal <em>Ortzadar<\/em>.<\/strong><\/p>\n<p>El pr\u00f3ximo s\u00e1bado, d\u00eda 8 de julio, se dar\u00e1n a conocer en Andoain los Premios Rikardo Arregi de Periodismo, en el Centro Cultural Bastero, en un acto que se celebrar\u00e1 a partir de las 12:00 horas del mediod\u00eda. Se trata de la XXIX edici\u00f3n, por lo que el Premio de Periodismo Rikardo Arregi, pionero y decano en su \u00e1mbito, se halla en v\u00edsperas de cumplir su trig\u00e9simo aniversario.<\/p>\n<p>Por lo tanto, habremos de esperar hasta el s\u00e1bado para conocer cu\u00e1les ser\u00e1n los trabajos premiados en la presente edici\u00f3n y qui\u00e9nes sus autores. Pero cabe se\u00f1alar que, adem\u00e1s de los galardones, el tribunal ha resuelto realizar dos menciones especiales: Por una parte, se har\u00e1 menci\u00f3n especial del diario EGUNA, primer diario publicado en euskera y, por otra, habr\u00e1 una menci\u00f3n especial referida al suplemento semanal Ortzadar. El diario EGUNA pertenec\u00eda a la misma empresa del diario \u00abEuzkadi\u00bb, pero ten\u00eda su propia direcci\u00f3n y equipo de redacci\u00f3n. EGUNA fue el primer diario redactado en euskera. Se public\u00f3 en Bilbao, a partir del d\u00eda 1 de enero de 1937 y, debido a la insurrecci\u00f3n fascista de aquellas fechas, tuvo un recorrido breve, de apenas seis meses de duraci\u00f3n y 139 n\u00fameros editados. EGUNA supone un hito clave y m\u00e1s que destacable en el devenir del periodismo vasco y por ello, con motivo del octog\u00e9simo aniversario de su creaci\u00f3n y de su anhelo por pervivir en aquellas circunstancias se ha resuelto hacer Menci\u00f3n Especial del mismo. Ha sido la Biblioteca Foral de Bizkaia la que ha custodiado la \u00fanica colecci\u00f3n completa conocida del diario EGUNA, al principio de forma \u201cclandestina\u201d y, m\u00e1s tarde, cara al p\u00fablico.<\/p>\n<p>El suplemento semanal Ortzadar cumple 20 a\u00f1os dando cuenta semanalmente de la producci\u00f3n creativa de la literatura y cultura en euskera. Creado en 1997 por el diario DEIA, lo publica todas las semanas el grupo Noticias. El tribunal ha querido tener presente en su vig\u00e9simo aniversario el hecho de que dicho suplemento haya conseguido ganar un espacio propio en un medio de comunicaci\u00f3n en castellano.<\/p>\n<p>Creado hace veintinueve a\u00f1os por el Ayuntamiento de Andoain, el Premio de Periodismo Rikardo Arregi ha sido convocado desde entonces anualmente, sin faltar a su cita, con el patrocinio econ\u00f3mico del Departamento de Cultura y Pol\u00edtica Ling\u00fc\u00edstica del Gobierno Vasco, quien aporta una subvenci\u00f3n necesaria para el desarrollo anual de dicho certamen. Durante las veintinueve ediciones del Premio de Periodismo, la situaci\u00f3n y el discurrir del periodismo en euskera han cambiado mucho. No obstante, tal y como se constatara en el momento de su creaci\u00f3n, el objetivo del Premio de Periodismo Rikardo Arregi es impulsar la calidad, la excelencia y la renovaci\u00f3n del periodismo en euskera.<\/p>\n<p>El tribunal ha de resolver la concesi\u00f3n de los galardones de la XXIX edici\u00f3n del Premio de Periodismo Rikardo Arregi en tres posibles apartados: El premio al \u201cPeriodista novel\u201d para menores de 27 a\u00f1os, el \u201cPremio especial del jurado\u201d y, finalmente, el \u201cPremio de Periodismo Rikardo Arregi\u201d, galard\u00f3n m\u00e1ximo del certamen. El galard\u00f3n m\u00e1ximo recibir\u00e1 un premio en met\u00e1lico de 9.000 euros netos, y el galardonado en el cap\u00edtulo de \u201cperiodista novel\u201d uno de 3.000 euros, netos tambi\u00e9n; ambos, adem\u00e1s recibir\u00e1n una escultura realizada por el escultor Xabier Laka. Si hubiera premio especial del jurado, \u00e9ste recibir\u00e1 una serigraf\u00eda conmemorativa del certamen, de la que es autor, tambi\u00e9n, Xabier Laka. De todo ello se dar\u00e1 cumplida cuenta el pr\u00f3ximo d\u00eda 8 de julio, al mediod\u00eda, en el Centro Cultural Bastero de Andoain.<\/p>\n<p>El tribunal de la presente edici\u00f3n del premio ha estado compuesto por varios especialistas en el \u00e1mbito de la comunicaci\u00f3n, como son, Goio Arana, profesor de la Universidad de Mondrag\u00f3n; Maria Gonz\u00e1lez Gorosarri, profesora de la Universidad del Pa\u00eds Vasco; Goizalde Landabaso, periodista y escritora, y Xabier Landabidea, profesor de la Universidad de Deusto. Ha presidido el tribunal Ainara Rodr\u00edguez, concejala de Euskera del Ayuntamiento de Andoain, actuando como secretario del mismo, Patxi Baztarrika, responsable del Servicio de Euskera municipal.<\/p>\n<p>Por todo lo se\u00f1alado, en el acto de entrega del premios del d\u00eda 8 de julio se har\u00e1 entrega, asimismo, de sendos diplomas acreditativos de la menci\u00f3n especial al diario EGUNA y al suplemento Ortzadar. La asistencia al acto de entrega de premios est\u00e1 abierta al p\u00fablico que desee asistir, y en la misma se hallar\u00e1n presentes, entre otros, adem\u00e1s de las personas premiadas en la presente edici\u00f3n, los miembros del tribunal, familiares de Rikardo Arregi, la alcaldesa de Andoain, Ana Carrere y la viceconsejera de Pol\u00edtica Ling\u00fc\u00edstica del Gobierno Vasco, Miren Dobaran.<\/p>","protected":false},"excerpt":{"rendered":"<p>&nbsp;Junto a los premios del certamen, se dar\u00e1n a conocer dos menciones especiales: Al diario Eguna, que fue el primer diario en euskera; y al suplemento semanal Ortzadar. El pr\u00f3ximo s\u00e1bado, d\u00eda 8 de julio, se dar\u00e1n a conocer en Andoain los Premios Rikardo Arregi de Periodismo, en el Centro Cultural Bastero, en un acto&#8230; <\/p>\n<div class=\"clear\"><\/div>\n<p><a href=\"https:\/\/www.andoaindarraeuskaraz.eus\/es\/2017\/07\/04\/euskera-datorren-larunbatean-uztailaren-8an-ezagutu-eta-banatuko-dira-aurtengo-rikardo-arregi-kazetaritza-sariak-andoainen\/\" class=\"excerpt-read-more\">Read More<i class=\"fa fa-caret-right icon-caret-right\"><\/i><\/a><\/p>\n","protected":false},"author":2,"featured_media":6809,"comment_status":"closed","ping_status":"closed","sticky":false,"template":"","format":"standard","meta":[],"categories":[59,68],"tags":[],"_links":{"self":[{"href":"https:\/\/www.andoaindarraeuskaraz.eus\/es\/wp-json\/wp\/v2\/posts\/6808"}],"collection":[{"href":"https:\/\/www.andoaindarraeuskaraz.eus\/es\/wp-json\/wp\/v2\/posts"}],"about":[{"href":"https:\/\/www.andoaindarraeuskaraz.eus\/es\/wp-json\/wp\/v2\/types\/post"}],"author":[{"embeddable":true,"href":"https:\/\/www.andoaindarraeuskaraz.eus\/es\/wp-json\/wp\/v2\/users\/2"}],"replies":[{"embeddable":true,"href":"https:\/\/www.andoaindarraeuskaraz.eus\/es\/wp-json\/wp\/v2\/comments?post=6808"}],"version-history":[{"count":3,"href":"https:\/\/www.andoaindarraeuskaraz.eus\/es\/wp-json\/wp\/v2\/posts\/6808\/revisions"}],"predecessor-version":[{"id":6812,"href":"https:\/\/www.andoaindarraeuskaraz.eus\/es\/wp-json\/wp\/v2\/posts\/6808\/revisions\/6812"}],"wp:featuredmedia":[{"embeddable":true,"href":"https:\/\/www.andoaindarraeuskaraz.eus\/es\/wp-json\/wp\/v2\/media\/6809"}],"wp:attachment":[{"href":"https:\/\/www.andoaindarraeuskaraz.eus\/es\/wp-json\/wp\/v2\/media?parent=6808"}],"wp:term":[{"taxonomy":"category","embeddable":true,"href":"https:\/\/www.andoaindarraeuskaraz.eus\/es\/wp-json\/wp\/v2\/categories?post=6808"},{"taxonomy":"post_tag","embeddable":true,"href":"https:\/\/www.andoaindarraeuskaraz.eus\/es\/wp-json\/wp\/v2\/tags?post=6808"}],"curies":[{"name":"wp","href":"https:\/\/api.w.org\/{rel}","templated":true}]}}