{"id":6866,"date":"2017-07-24T06:49:55","date_gmt":"2017-07-24T06:49:55","guid":{"rendered":"http:\/\/www.andoaindarraeuskaraz.eus\/?p=6866"},"modified":"2017-07-24T06:50:14","modified_gmt":"2017-07-24T06:50:14","slug":"euskara-plus-ostalaritza","status":"publish","type":"post","link":"https:\/\/www.andoaindarraeuskaraz.eus\/es\/2017\/07\/24\/euskara-plus-hosteleria\/","title":{"rendered":"EUSKARA PLUS-hosteler\u00eda"},"content":{"rendered":"<p>Este pasado viernes finaliz\u00f3 el curso&nbsp; EUSKARA PLUS-hosteleler\u00eda en&nbsp; La Salle-Berrozpe de Andoain, curso dirigido por la asociaci\u00f3n Banaiz Bagara y organizado por el Servicio de Euskera del Ayuntamiento.&nbsp;<br \/>\n\u00a1Felicidades a todas-os las-os que han tomado parte!<\/p>","protected":false},"excerpt":{"rendered":"<p>Este pasado viernes finaliz\u00f3 el curso&nbsp; EUSKARA PLUS-hosteleler\u00eda en&nbsp; La Salle-Berrozpe de Andoain, curso dirigido por la asociaci\u00f3n Banaiz Bagara y organizado por el Servicio de Euskera del Ayuntamiento.&nbsp; \u00a1Felicidades a todas-os las-os que han tomado parte!<\/p>\n","protected":false},"author":2,"featured_media":6867,"comment_status":"closed","ping_status":"closed","sticky":false,"template":"","format":"standard","meta":[],"categories":[59,57],"tags":[],"_links":{"self":[{"href":"https:\/\/www.andoaindarraeuskaraz.eus\/es\/wp-json\/wp\/v2\/posts\/6866"}],"collection":[{"href":"https:\/\/www.andoaindarraeuskaraz.eus\/es\/wp-json\/wp\/v2\/posts"}],"about":[{"href":"https:\/\/www.andoaindarraeuskaraz.eus\/es\/wp-json\/wp\/v2\/types\/post"}],"author":[{"embeddable":true,"href":"https:\/\/www.andoaindarraeuskaraz.eus\/es\/wp-json\/wp\/v2\/users\/2"}],"replies":[{"embeddable":true,"href":"https:\/\/www.andoaindarraeuskaraz.eus\/es\/wp-json\/wp\/v2\/comments?post=6866"}],"version-history":[{"count":2,"href":"https:\/\/www.andoaindarraeuskaraz.eus\/es\/wp-json\/wp\/v2\/posts\/6866\/revisions"}],"predecessor-version":[{"id":6869,"href":"https:\/\/www.andoaindarraeuskaraz.eus\/es\/wp-json\/wp\/v2\/posts\/6866\/revisions\/6869"}],"wp:featuredmedia":[{"embeddable":true,"href":"https:\/\/www.andoaindarraeuskaraz.eus\/es\/wp-json\/wp\/v2\/media\/6867"}],"wp:attachment":[{"href":"https:\/\/www.andoaindarraeuskaraz.eus\/es\/wp-json\/wp\/v2\/media?parent=6866"}],"wp:term":[{"taxonomy":"category","embeddable":true,"href":"https:\/\/www.andoaindarraeuskaraz.eus\/es\/wp-json\/wp\/v2\/categories?post=6866"},{"taxonomy":"post_tag","embeddable":true,"href":"https:\/\/www.andoaindarraeuskaraz.eus\/es\/wp-json\/wp\/v2\/tags?post=6866"}],"curies":[{"name":"wp","href":"https:\/\/api.w.org\/{rel}","templated":true}]}}