{"id":6874,"date":"2017-09-07T06:52:05","date_gmt":"2017-09-07T06:52:05","guid":{"rendered":"http:\/\/www.andoaindarraeuskaraz.eus\/?p=6874"},"modified":"2017-09-07T06:54:07","modified_gmt":"2017-09-07T06:54:07","slug":"ireki-da-buruntzaldeko-euskaltegietan-matrikula-egiteko-epea","status":"publish","type":"post","link":"https:\/\/www.andoaindarraeuskaraz.eus\/es\/2017\/09\/07\/euskera-ireki-da-buruntzaldeko-euskaltegietan-matrikula-egiteko-epea\/","title":{"rendered":"ABIERTO EL PLAZO DE MATRICULACI\u00d3N EN LOS EUSKALTEGIS DE BURUNTZALDEA"},"content":{"rendered":"<p><strong><em>\u201c\u00a1A que s\u00ed este a\u00f1o 1000!\u201d<\/em><\/strong><\/p>\n<p><strong>En Urnieta AEK abrir\u00e1 un euskaltegi, y en Andoain cambiar\u00e1 el actual de ubicaci\u00f3n a otro edificio cedido por el Ayuntamiento.<\/strong><\/p>\n<p><strong>&nbsp;&nbsp;&nbsp;&nbsp;&nbsp;&nbsp;&nbsp;&nbsp;&nbsp;&nbsp;&nbsp; <\/strong>Se encuentra abierto ya el plazo de matr\u00edcula para el curso 2017-2018 en todos los euskaltegis de los municipios de Buruntzaldea. En algunos, dicho plazo permancer\u00e1 abierto hasta la \u00faltima semana de septiembre, pero en otros se cerrar\u00e1 antes. As\u00ed, en el Euskaltegi municipal de Lasarte-Oria el plazo de matr\u00edcula finalizar\u00e1 el d\u00eda 15 de septiembre, en el de Hernani el d\u00eda 22 y en el resto, euskaltegis todos ellos de AEK, el d\u00eda 29 de septiembre. La matricula puede formalizarse tanto en horario de ma\u00f1ana como de tarde, en las oficinas de cada uno de los euskaltegis.<\/p>\n<p>&nbsp;&nbsp;&nbsp;&nbsp;&nbsp;&nbsp;&nbsp;&nbsp;&nbsp;&nbsp;&nbsp; &nbsp;Los concejales y responsables t\u00e9cnicos de euskera de los ayuntamientos de Andoain, Astigarraga, Hernani, Lasarte-Oria, Urnieta y Usurbil se han reunido hoy en la Casa de Cultura Lekaio de Urnieta para dar comienzo al curso escolar 2017-2018 de los euskaltegis de Buruntzaldea. En dicho acto han realizado un llamamiento a todos los vecinos de Buruntzaldea para que se animen a dar el paso de aprender euskera durante el curso 2017-2018 y para que, a tal fin, se acerquen al euskaltegi.<\/p>\n<p>&nbsp;&nbsp;&nbsp;&nbsp;&nbsp;&nbsp;&nbsp;&nbsp;&nbsp;&nbsp;&nbsp; Han se\u00f1alado que aprender euskera es, hoy por hoy, una apuesta segura y un esfuerzo que merece la pena. Resumen su llamamiento en el siguiente eslogan: <em>\u201caprendiendo euskera no hay nada que perder, todo es pura ganancia\u201d<\/em>.<\/p>\n<p>&nbsp;&nbsp;&nbsp;&nbsp;&nbsp;&nbsp;&nbsp;&nbsp;&nbsp;&nbsp;&nbsp; Durante el curso anterior, en 2016-2017, han sido 946 los alumnos matriculados en los euskaltegis de Buruntzaldea. Este curso se han marcado el objetivo de aumentar dicha cifra un poco m\u00e1s. Por ello, manifiestan su ilusi\u00f3n por aumentarla, haciendo realidad el desaf\u00edo <strong><em>\u201c\u00a1A que s\u00ed este a\u00f1o 1000!\u201d<\/em><\/strong> con que los ocho euskaltegis de Buruntzaldea han marcado su objetivo.<\/p>\n<p>&nbsp;&nbsp;&nbsp;&nbsp;&nbsp;&nbsp;&nbsp;&nbsp;&nbsp;&nbsp;&nbsp; En la actualidad, existe la posibilidad de estudiar euskera en todos los municipios de Buruntzaldea, dado que en todos hay euskaltegi y, adem\u00e1s, en todos tambi\u00e9n este a\u00f1o&nbsp; los ayuntamientos destinar\u00e1n una importante cantidad econ\u00f3mica a conceder subvenciones por aprender euskera en alguno de los euskaltegis.<\/p>\n<p>&nbsp;&nbsp;&nbsp;&nbsp;&nbsp;&nbsp;&nbsp;&nbsp;&nbsp;&nbsp;&nbsp; En los municipios de Buruntzaldea este a\u00f1o contaremos con 8 euskaltegis: en Andoain, Astigarraga, Urnieta y Usurbil un euskaltegi de AEK en cada uno de dichos municipios. En Hernani y Lasarte-Oria cuentan con dos euskaltegis en ambos municipios (euskaltegi municipal y euskaltegi de AEK). Todos los euskaltegis de AEK se hallan homologados por HABE.<\/p>\n<p>&nbsp;&nbsp;&nbsp;&nbsp;&nbsp;&nbsp;&nbsp;&nbsp;&nbsp;&nbsp;&nbsp; Respecto a los euskaltegis, precisamente este a\u00f1o contamos con dos novedades, una en Urnieta y otra en Andoain. En Urnieta AEK abrir\u00e1 un nuevo centro, que estar\u00e1 ubicado en el n\u00ba 1 de la calle Errekalde. En Andoain, por su parte, el euskaltegi cambiar\u00e1 de ubicaci\u00f3n: inaugurar\u00e1 sus nuevas instalaciones en el n\u00ba 2 de la calle Plazaola, en el local que durante a\u00f1os utilizara la Cruz Roja. El Ayuntamiento de Andoain ha cedido el uso de dicho local a AEK durante los pr\u00f3ximos 15 a\u00f1os.<\/p>\n<p>&nbsp;&nbsp;&nbsp;&nbsp;&nbsp;&nbsp;&nbsp;&nbsp;&nbsp;&nbsp;&nbsp; Los euskaltegis cuentan con una oferta muy amplia y diversa: desde los niveles de iniciaci\u00f3n&nbsp; hasta los cursos C1 (EGA) y C2, cursos de autoaprendizaje, preparaci\u00f3n para todos los t\u00edtulos de euskera oficiales y homologados, posibilidad de obtener los t\u00edtulos A1 y A2 y B1 en el euskaltegi mismo, cursos de ma\u00f1ana y tarde, diarios o de n\u00famero de horas reducidos, AISA (programa especificamente dirigido a la poblaci\u00f3n inmigrante), grupos para progenitores, grupos para perfeccionar el habla, etc.<\/p>\n<p>&nbsp;&nbsp;&nbsp;&nbsp;&nbsp;&nbsp;&nbsp;&nbsp;&nbsp;&nbsp;&nbsp; Los vecinos adultos de Buruntzaldea tienen a su alcance importantes subvenciones para aprender euskera. Por una parte, el instituto HABE concede tambi\u00e9n este a\u00f1o una subvenci\u00f3n que alcanza una buena parte de la matr\u00edcula a los alumnos que superen alguno de los cursos entre el A1 y el C2. Por otra parte, los seis ayuntamientos de Buruntzaldea destinar\u00e1n para sus vecinos importantes subvenciones con objeto de aprender euskera en los euskaltegis. Dichas subvenciones son de cuant\u00eda diversa, pues var\u00edan en funci\u00f3n del ayuntamiento, y tambi\u00e9n var\u00edan en cuanto a las condiciones que se han de cumpliar para poder recibirlas. El nivel de asistencia es, por ejemplo, una condici\u00f3n con la que se ha de cumpliar en todos los municipios, y el importe de la subvenci\u00f3n var\u00eda entre los distintos ayuntamientos en funci\u00f3n de otra serie de condiciones. Se conceder\u00e1n subvenciones que, por t\u00e9rmino medio, alcanzar\u00e1n entre el 75% y el 100% del coste de la matr\u00edcula, aun cuando se insiste en que los criterios son distintos seg\u00fan sea un municipio u otro.<\/p>\n<p>&nbsp;&nbsp;&nbsp;&nbsp;&nbsp;&nbsp;&nbsp;&nbsp;&nbsp;&nbsp;&nbsp; Para m\u00e1s informaci\u00f3n, tanto relativa a las subvenciones que se conceden como respecto a la oferta de los distintos euskaltegis, se puede consultar la p\u00e1gina <a href=\"http:\/\/www.buruntzaldea.eus\/\">www.buruntzaldea.eus<\/a> o, tambi\u00e9n, las p\u00e1ginas web de ayuntamientos y euskaltegis.<\/p>\n<p>&nbsp;&nbsp;&nbsp;&nbsp;&nbsp;&nbsp;&nbsp;&nbsp;&nbsp;&nbsp;&nbsp; Los ayuntamientos de Buruntzaldea hacemos un llamamiento a todos nuestros vecinos para que se matriculen en los euskaltegis, para que as\u00ed, entre todos objetivos, podamos hacer realidad el slogan <strong><em>\u201c\u00a1A que s\u00ed este a\u00f1o 1000!\u201d<\/em><\/strong> , y teniendo muy presente en todo momento que <strong><em>\u201caprendiendo euskera, nada hay que perder; es todo pura ganancia\u201d.<\/em><\/strong><\/p>\n<p>&nbsp;<\/p>\n<p>&nbsp;<\/p>\n<p style=\"text-align: right;\">Casa de Cultura Lekaio de Urnieta, 6 de septiembre de 2017.<\/p>\n<p>&nbsp;<\/p>\n<p>&nbsp;<\/p>","protected":false},"excerpt":{"rendered":"<p>\u201c\u00a1A que s\u00ed este a\u00f1o 1000!\u201d En Urnieta AEK abrir\u00e1 un euskaltegi, y en Andoain cambiar\u00e1 el actual de ubicaci\u00f3n a otro edificio cedido por el Ayuntamiento. &nbsp;&nbsp;&nbsp;&nbsp;&nbsp;&nbsp;&nbsp;&nbsp;&nbsp;&nbsp;&nbsp; Se encuentra abierto ya el plazo de matr\u00edcula para el curso 2017-2018 en todos los euskaltegis de los municipios de Buruntzaldea. En algunos, dicho plazo permancer\u00e1 abierto&#8230; <\/p>\n<div class=\"clear\"><\/div>\n<p><a href=\"https:\/\/www.andoaindarraeuskaraz.eus\/es\/2017\/09\/07\/euskera-ireki-da-buruntzaldeko-euskaltegietan-matrikula-egiteko-epea\/\" class=\"excerpt-read-more\">Read More<i class=\"fa fa-caret-right icon-caret-right\"><\/i><\/a><\/p>\n","protected":false},"author":2,"featured_media":6877,"comment_status":"closed","ping_status":"closed","sticky":false,"template":"","format":"standard","meta":[],"categories":[59,1],"tags":[],"_links":{"self":[{"href":"https:\/\/www.andoaindarraeuskaraz.eus\/es\/wp-json\/wp\/v2\/posts\/6874"}],"collection":[{"href":"https:\/\/www.andoaindarraeuskaraz.eus\/es\/wp-json\/wp\/v2\/posts"}],"about":[{"href":"https:\/\/www.andoaindarraeuskaraz.eus\/es\/wp-json\/wp\/v2\/types\/post"}],"author":[{"embeddable":true,"href":"https:\/\/www.andoaindarraeuskaraz.eus\/es\/wp-json\/wp\/v2\/users\/2"}],"replies":[{"embeddable":true,"href":"https:\/\/www.andoaindarraeuskaraz.eus\/es\/wp-json\/wp\/v2\/comments?post=6874"}],"version-history":[{"count":3,"href":"https:\/\/www.andoaindarraeuskaraz.eus\/es\/wp-json\/wp\/v2\/posts\/6874\/revisions"}],"predecessor-version":[{"id":6878,"href":"https:\/\/www.andoaindarraeuskaraz.eus\/es\/wp-json\/wp\/v2\/posts\/6874\/revisions\/6878"}],"wp:featuredmedia":[{"embeddable":true,"href":"https:\/\/www.andoaindarraeuskaraz.eus\/es\/wp-json\/wp\/v2\/media\/6877"}],"wp:attachment":[{"href":"https:\/\/www.andoaindarraeuskaraz.eus\/es\/wp-json\/wp\/v2\/media?parent=6874"}],"wp:term":[{"taxonomy":"category","embeddable":true,"href":"https:\/\/www.andoaindarraeuskaraz.eus\/es\/wp-json\/wp\/v2\/categories?post=6874"},{"taxonomy":"post_tag","embeddable":true,"href":"https:\/\/www.andoaindarraeuskaraz.eus\/es\/wp-json\/wp\/v2\/tags?post=6874"}],"curies":[{"name":"wp","href":"https:\/\/api.w.org\/{rel}","templated":true}]}}