{"id":7335,"date":"2018-04-12T12:31:04","date_gmt":"2018-04-12T12:31:04","guid":{"rendered":"http:\/\/www.andoaindarraeuskaraz.eus\/?p=7335"},"modified":"2018-04-12T12:38:43","modified_gmt":"2018-04-12T12:38:43","slug":"rikardo-arregi-kazetaritza-saria-2018","status":"publish","type":"post","link":"https:\/\/www.andoaindarraeuskaraz.eus\/es\/2018\/04\/12\/rikardo-arregi-kazetaritza-saria-2018\/","title":{"rendered":"Rikardo Arregi Kazetaritza Saria 2018"},"content":{"rendered":"<p><\/p>\n<h2>\u201930 a\u00f1os, 10 hitos\u2019<\/h2>\n<p>El Departamento de Cultura y Pol\u00edtica Ling\u00fc\u00edstica del Gobierno Vasco y el Ayuntamiento de Andoain han presentado hoy&nbsp; en San Sebasti\u00e1n, la edici\u00f3n de este a\u00f1o. Con motivo de la especial celebraci\u00f3n del 30 aniversario del prestigioso premio, las dos instituciones impulsoras de esta iniciativa han preparado una renovada e innovadora edici\u00f3n. Al hilo del lema de este a\u00f1o, <strong>\u201930 a\u00f1os, 10 hitos\u2019<\/strong>, se otorgar\u00e1n 10 premios.<br \/>\n<strong><a href=\"https:\/\/www.andoaindarraeuskaraz.eus\/es\/raks\/\" target=\"_blank\" rel=\"nofollow noopener noreferrer\" data-ft=\"{&quot;tn&quot;:&quot;-U&quot;}\" data-lynx-mode=\"asynclazy\" data-lynx-uri=\"https:\/\/l.facebook.com\/l.php?u=http%3A%2F%2Fwww.andoaindarraeuskaraz.eus%2Fes%2Fraks%2F&amp;h=ATNkYE75Q1vscATlnrDXwT-0q5i2yv6w9g_NYXaDpi7pZ0xFUWjzFwr9xtUZ0abxNTmjEfo1xA1qAxkwEFqS8vUw1EAPDxDR7BKPfddfSAJ42ckYMLAO14bUl_D8m-wSY8EOMrVi\">M\u00e1s informaci\u00f3n<\/a><\/strong><\/p>\n<p><img loading=\"lazy\" class=\"alignnone size-medium wp-image-7338\" src=\"https:\/\/www.andoaindarraeuskaraz.eus\/wp-content\/uploads\/2018\/04\/kartela-RAKS2018-202x300.jpg\" alt=\"\" width=\"202\" height=\"300\" srcset=\"https:\/\/www.andoaindarraeuskaraz.eus\/wp-content\/uploads\/2018\/04\/kartela-RAKS2018-202x300.jpg 202w, https:\/\/www.andoaindarraeuskaraz.eus\/wp-content\/uploads\/2018\/04\/kartela-RAKS2018.jpg 569w\" sizes=\"(max-width: 202px) 100vw, 202px\" \/><\/p>","protected":false},"excerpt":{"rendered":"<p>\u201930 a\u00f1os, 10 hitos\u2019 El Departamento de Cultura y Pol\u00edtica Ling\u00fc\u00edstica del Gobierno Vasco y el Ayuntamiento de Andoain han presentado hoy&nbsp; en San Sebasti\u00e1n, la edici\u00f3n de este a\u00f1o. Con motivo de la especial celebraci\u00f3n del 30 aniversario del prestigioso premio, las dos instituciones impulsoras de esta iniciativa han preparado una renovada e innovadora&#8230; <\/p>\n<div class=\"clear\"><\/div>\n<p><a href=\"https:\/\/www.andoaindarraeuskaraz.eus\/es\/2018\/04\/12\/rikardo-arregi-kazetaritza-saria-2018\/\" class=\"excerpt-read-more\">Read More<i class=\"fa fa-caret-right icon-caret-right\"><\/i><\/a><\/p>\n","protected":false},"author":2,"featured_media":7327,"comment_status":"closed","ping_status":"closed","sticky":false,"template":"","format":"standard","meta":[],"categories":[59,68],"tags":[],"_links":{"self":[{"href":"https:\/\/www.andoaindarraeuskaraz.eus\/es\/wp-json\/wp\/v2\/posts\/7335"}],"collection":[{"href":"https:\/\/www.andoaindarraeuskaraz.eus\/es\/wp-json\/wp\/v2\/posts"}],"about":[{"href":"https:\/\/www.andoaindarraeuskaraz.eus\/es\/wp-json\/wp\/v2\/types\/post"}],"author":[{"embeddable":true,"href":"https:\/\/www.andoaindarraeuskaraz.eus\/es\/wp-json\/wp\/v2\/users\/2"}],"replies":[{"embeddable":true,"href":"https:\/\/www.andoaindarraeuskaraz.eus\/es\/wp-json\/wp\/v2\/comments?post=7335"}],"version-history":[{"count":3,"href":"https:\/\/www.andoaindarraeuskaraz.eus\/es\/wp-json\/wp\/v2\/posts\/7335\/revisions"}],"predecessor-version":[{"id":7339,"href":"https:\/\/www.andoaindarraeuskaraz.eus\/es\/wp-json\/wp\/v2\/posts\/7335\/revisions\/7339"}],"wp:featuredmedia":[{"embeddable":true,"href":"https:\/\/www.andoaindarraeuskaraz.eus\/es\/wp-json\/wp\/v2\/media\/7327"}],"wp:attachment":[{"href":"https:\/\/www.andoaindarraeuskaraz.eus\/es\/wp-json\/wp\/v2\/media?parent=7335"}],"wp:term":[{"taxonomy":"category","embeddable":true,"href":"https:\/\/www.andoaindarraeuskaraz.eus\/es\/wp-json\/wp\/v2\/categories?post=7335"},{"taxonomy":"post_tag","embeddable":true,"href":"https:\/\/www.andoaindarraeuskaraz.eus\/es\/wp-json\/wp\/v2\/tags?post=7335"}],"curies":[{"name":"wp","href":"https:\/\/api.w.org\/{rel}","templated":true}]}}