{"id":7531,"date":"2018-06-22T11:47:52","date_gmt":"2018-06-22T11:47:52","guid":{"rendered":"http:\/\/www.andoaindarraeuskaraz.eus\/?p=7531"},"modified":"2018-06-28T07:41:41","modified_gmt":"2018-06-28T07:41:41","slug":"sanjuanetan-euskaraldiaren-entsegua","status":"publish","type":"post","link":"https:\/\/www.andoaindarraeuskaraz.eus\/es\/2018\/06\/22\/sanjuanetan-euskaraldiaren-entsegua\/","title":{"rendered":"Exitoso ensayo de Euskaraldia en Sanjuanes"},"content":{"rendered":"<p>A pesar de que EUSKARALDIA se celebrar\u00e1 entre los d\u00edas 23 de noviembre y 3 de diciembre, en estas fiestas de San Juan hemos propuesto un peque\u00f1o ensayo de dicho proyecto.<\/p>\n<p>As\u00ed, los d\u00edas 23 y 24 de junio hemos estado compartiendo informaci\u00f3n en Goikoplaza, y han sido muchos los grupos y asociaciones del municipio que han mostrado su adhesi\u00f3n con Euskaraldia. Eskerrik asko denoi!!<\/p>","protected":false},"excerpt":{"rendered":"<p>A pesar de que EUSKARALDIA se celebrar\u00e1 entre los d\u00edas 23 de noviembre y 3 de diciembre, en estas fiestas de San Juan hemos propuesto un peque\u00f1o ensayo de dicho proyecto. As\u00ed, los d\u00edas 23 y 24 de junio hemos estado compartiendo informaci\u00f3n en Goikoplaza, y han sido muchos los grupos y asociaciones del municipio&#8230; <\/p>\n<div class=\"clear\"><\/div>\n<p><a href=\"https:\/\/www.andoaindarraeuskaraz.eus\/es\/2018\/06\/22\/sanjuanetan-euskaraldiaren-entsegua\/\" class=\"excerpt-read-more\">Read More<i class=\"fa fa-caret-right icon-caret-right\"><\/i><\/a><\/p>\n","protected":false},"author":2,"featured_media":7491,"comment_status":"closed","ping_status":"closed","sticky":false,"template":"","format":"standard","meta":[],"categories":[59],"tags":[],"_links":{"self":[{"href":"https:\/\/www.andoaindarraeuskaraz.eus\/es\/wp-json\/wp\/v2\/posts\/7531"}],"collection":[{"href":"https:\/\/www.andoaindarraeuskaraz.eus\/es\/wp-json\/wp\/v2\/posts"}],"about":[{"href":"https:\/\/www.andoaindarraeuskaraz.eus\/es\/wp-json\/wp\/v2\/types\/post"}],"author":[{"embeddable":true,"href":"https:\/\/www.andoaindarraeuskaraz.eus\/es\/wp-json\/wp\/v2\/users\/2"}],"replies":[{"embeddable":true,"href":"https:\/\/www.andoaindarraeuskaraz.eus\/es\/wp-json\/wp\/v2\/comments?post=7531"}],"version-history":[{"count":2,"href":"https:\/\/www.andoaindarraeuskaraz.eus\/es\/wp-json\/wp\/v2\/posts\/7531\/revisions"}],"predecessor-version":[{"id":7537,"href":"https:\/\/www.andoaindarraeuskaraz.eus\/es\/wp-json\/wp\/v2\/posts\/7531\/revisions\/7537"}],"wp:featuredmedia":[{"embeddable":true,"href":"https:\/\/www.andoaindarraeuskaraz.eus\/es\/wp-json\/wp\/v2\/media\/7491"}],"wp:attachment":[{"href":"https:\/\/www.andoaindarraeuskaraz.eus\/es\/wp-json\/wp\/v2\/media?parent=7531"}],"wp:term":[{"taxonomy":"category","embeddable":true,"href":"https:\/\/www.andoaindarraeuskaraz.eus\/es\/wp-json\/wp\/v2\/categories?post=7531"},{"taxonomy":"post_tag","embeddable":true,"href":"https:\/\/www.andoaindarraeuskaraz.eus\/es\/wp-json\/wp\/v2\/tags?post=7531"}],"curies":[{"name":"wp","href":"https:\/\/api.w.org\/{rel}","templated":true}]}}