{"id":7707,"date":"2018-11-13T13:51:43","date_gmt":"2018-11-13T13:51:43","guid":{"rendered":"http:\/\/www.andoaindarraeuskaraz.eus\/?p=7707"},"modified":"2018-11-13T13:51:43","modified_gmt":"2018-11-13T13:51:43","slug":"andoaingo-udala-euskaraldiarekin-bat","status":"publish","type":"post","link":"https:\/\/www.andoaindarraeuskaraz.eus\/es\/2018\/11\/13\/el-ayuntamiento-de-andoain-con-euskaraldia\/","title":{"rendered":"El Ayuntamiento de Andoain con Euskaraldia"},"content":{"rendered":"<p>\uf0b7 El Pleno Municipal se une a la iniciativa Euskaraldia y se har\u00e1 cargo de su promoci\u00f3n.<br \/>\nPara ello, se compromete a actuar con responsabilidad y ejemplaridad.<br \/>\n\uf0b7 La funci\u00f3n principal de los responsables pol\u00edticos ser\u00e1 difundir la iniciativa en el marco<br \/>\ndel Euskaraldia y, especialmente, dentro del ayuntamiento. Con ese fin, dar\u00e1 los pasos<br \/>\nnecesarios para activar el mayor n\u00famero de personas ahobizi y belarriprest, tanto<br \/>\nentre los responsables pol\u00edticos como entre la plantilla municipal.<br \/>\n\uf0b7 La personas ahobizi nos comprometemos a hablar en euskera con quienes lo<br \/>\nentienden.<br \/>\n\uf0b7 Las personas belarriprest invitaremos a nuestros interlocutores a que nos hablen en<br \/>\neuskera, aunque nosotros les contestemos en euskera o en castellano.<br \/>\n\uf0b7 El Ayuntamiento adoptar\u00e1 medidas para hacer posible esas pr\u00e1cticas ling\u00fc\u00edsticas y<br \/>\npoder mantenerlas en el futuro.<br \/>\n\uf0b7 El Ayuntamiento, como promotor de la iniciativa, invitar\u00e1 tanto al personal y a los<br \/>\npol\u00edticos del ayuntamiento como a la ciudadan\u00eda en general a participar en la<br \/>\niniciativa Euskaraldia, y facilitar\u00e1 la inscripci\u00f3n.<br \/>\n\uf0b7 El Ayuntamiento est\u00e1 de acuerdo en desarrollar la iniciativa de forma conjunta,<br \/>\ncolectiva y simultanea en Gipuzkoa, en el mayor n\u00famero de municipios y<br \/>\nmancomunidades, en la Diputaci\u00f3n Foral y en las Juntas Generales de Gipuzkoa, con<br \/>\nel fin de promover una pol\u00edtica unificada a nivel territorial.<\/p>\n<p><a href=\"https:\/\/www.andoaindarraeuskaraz.eus\/wp-content\/uploads\/2018\/11\/Erakunde_adierazpena_es.pdf\">Erakunde_adierazpena_es<\/a><\/p>","protected":false},"excerpt":{"rendered":"<p>\uf0b7 El Pleno Municipal se une a la iniciativa Euskaraldia y se har\u00e1 cargo de su promoci\u00f3n. Para ello, se compromete a actuar con responsabilidad y ejemplaridad. \uf0b7 La funci\u00f3n principal de los responsables pol\u00edticos ser\u00e1 difundir la iniciativa en el marco del Euskaraldia y, especialmente, dentro del ayuntamiento. Con ese fin, dar\u00e1 los pasos&#8230; <\/p>\n<div class=\"clear\"><\/div>\n<p><a href=\"https:\/\/www.andoaindarraeuskaraz.eus\/es\/2018\/11\/13\/el-ayuntamiento-de-andoain-con-euskaraldia\/\" class=\"excerpt-read-more\">Read More<i class=\"fa fa-caret-right icon-caret-right\"><\/i><\/a><\/p>\n","protected":false},"author":2,"featured_media":7710,"comment_status":"closed","ping_status":"closed","sticky":false,"template":"","format":"standard","meta":[],"categories":[59,57],"tags":[],"_links":{"self":[{"href":"https:\/\/www.andoaindarraeuskaraz.eus\/es\/wp-json\/wp\/v2\/posts\/7707"}],"collection":[{"href":"https:\/\/www.andoaindarraeuskaraz.eus\/es\/wp-json\/wp\/v2\/posts"}],"about":[{"href":"https:\/\/www.andoaindarraeuskaraz.eus\/es\/wp-json\/wp\/v2\/types\/post"}],"author":[{"embeddable":true,"href":"https:\/\/www.andoaindarraeuskaraz.eus\/es\/wp-json\/wp\/v2\/users\/2"}],"replies":[{"embeddable":true,"href":"https:\/\/www.andoaindarraeuskaraz.eus\/es\/wp-json\/wp\/v2\/comments?post=7707"}],"version-history":[{"count":1,"href":"https:\/\/www.andoaindarraeuskaraz.eus\/es\/wp-json\/wp\/v2\/posts\/7707\/revisions"}],"predecessor-version":[{"id":7711,"href":"https:\/\/www.andoaindarraeuskaraz.eus\/es\/wp-json\/wp\/v2\/posts\/7707\/revisions\/7711"}],"wp:featuredmedia":[{"embeddable":true,"href":"https:\/\/www.andoaindarraeuskaraz.eus\/es\/wp-json\/wp\/v2\/media\/7710"}],"wp:attachment":[{"href":"https:\/\/www.andoaindarraeuskaraz.eus\/es\/wp-json\/wp\/v2\/media?parent=7707"}],"wp:term":[{"taxonomy":"category","embeddable":true,"href":"https:\/\/www.andoaindarraeuskaraz.eus\/es\/wp-json\/wp\/v2\/categories?post=7707"},{"taxonomy":"post_tag","embeddable":true,"href":"https:\/\/www.andoaindarraeuskaraz.eus\/es\/wp-json\/wp\/v2\/tags?post=7707"}],"curies":[{"name":"wp","href":"https:\/\/api.w.org\/{rel}","templated":true}]}}