{"id":7884,"date":"2019-11-06T07:29:51","date_gmt":"2019-11-06T07:29:51","guid":{"rendered":"http:\/\/www.andoaindarraeuskaraz.eus\/?p=7884"},"modified":"2019-11-06T07:37:10","modified_gmt":"2019-11-06T07:37:10","slug":"rikardo-arregi-kazetaritza-sariak-baditu-zortzi-finalista","status":"publish","type":"post","link":"https:\/\/www.andoaindarraeuskaraz.eus\/es\/2019\/11\/06\/euskera-rikardo-arregi-kazetaritza-sariak-baditu-zortzi-finalista\/","title":{"rendered":"El premio de periodismo Rikardo Arregi cuenta ya con sus ocho finalistas"},"content":{"rendered":"<p><\/p>\n<p align=\"LEFT\">Se conceder\u00e1n el \u201cPremio de periodismo\u201d y el \u201cPremio de comunicaci\u00f3n\u201d, para los que el tribunal ha seleccionado cuatro finalistas por cada modalidad.<\/p>\n<p align=\"LEFT\">El d\u00eda 28 de noviembre se celebrar\u00e1 la entrega de premios en Andoain, acto en el que se dar\u00e1 a conocer la identidad de las-os premiadas-os.<\/p>\n<p align=\"LEFT\"><a href=\"https:\/\/www.andoaindarraeuskaraz.eus\/wp-content\/uploads\/2019\/11\/NotaPrensaAZAROA.pdf\"><span style=\"color: rgb(0, 0, 255);\"><strong>M\u00e1s informaci\u00f3n<\/strong><\/span><\/a><\/p>\n<p><strong><span style=\"color: rgb(0, 0, 255);\">http:\/\/rikardoarregikazetaritzasaria.eus\/<\/span><\/strong><\/p>\n<p>&nbsp;<\/p>","protected":false},"excerpt":{"rendered":"<p>Se conceder\u00e1n el \u201cPremio de periodismo\u201d y el \u201cPremio de comunicaci\u00f3n\u201d, para los que el tribunal ha seleccionado cuatro finalistas por cada modalidad. El d\u00eda 28 de noviembre se celebrar\u00e1 la entrega de premios en Andoain, acto en el que se dar\u00e1 a conocer la identidad de las-os premiadas-os. M\u00e1s informaci\u00f3n http:\/\/rikardoarregikazetaritzasaria.eus\/ &nbsp;<\/p>\n","protected":false},"author":2,"featured_media":7863,"comment_status":"closed","ping_status":"closed","sticky":false,"template":"","format":"standard","meta":[],"categories":[59,1],"tags":[],"_links":{"self":[{"href":"https:\/\/www.andoaindarraeuskaraz.eus\/es\/wp-json\/wp\/v2\/posts\/7884"}],"collection":[{"href":"https:\/\/www.andoaindarraeuskaraz.eus\/es\/wp-json\/wp\/v2\/posts"}],"about":[{"href":"https:\/\/www.andoaindarraeuskaraz.eus\/es\/wp-json\/wp\/v2\/types\/post"}],"author":[{"embeddable":true,"href":"https:\/\/www.andoaindarraeuskaraz.eus\/es\/wp-json\/wp\/v2\/users\/2"}],"replies":[{"embeddable":true,"href":"https:\/\/www.andoaindarraeuskaraz.eus\/es\/wp-json\/wp\/v2\/comments?post=7884"}],"version-history":[{"count":3,"href":"https:\/\/www.andoaindarraeuskaraz.eus\/es\/wp-json\/wp\/v2\/posts\/7884\/revisions"}],"predecessor-version":[{"id":7888,"href":"https:\/\/www.andoaindarraeuskaraz.eus\/es\/wp-json\/wp\/v2\/posts\/7884\/revisions\/7888"}],"wp:featuredmedia":[{"embeddable":true,"href":"https:\/\/www.andoaindarraeuskaraz.eus\/es\/wp-json\/wp\/v2\/media\/7863"}],"wp:attachment":[{"href":"https:\/\/www.andoaindarraeuskaraz.eus\/es\/wp-json\/wp\/v2\/media?parent=7884"}],"wp:term":[{"taxonomy":"category","embeddable":true,"href":"https:\/\/www.andoaindarraeuskaraz.eus\/es\/wp-json\/wp\/v2\/categories?post=7884"},{"taxonomy":"post_tag","embeddable":true,"href":"https:\/\/www.andoaindarraeuskaraz.eus\/es\/wp-json\/wp\/v2\/tags?post=7884"}],"curies":[{"name":"wp","href":"https:\/\/api.w.org\/{rel}","templated":true}]}}