{"id":8547,"date":"2021-06-14T06:03:19","date_gmt":"2021-06-14T06:03:19","guid":{"rendered":"http:\/\/www.andoaindarraeuskaraz.eus\/?p=8547"},"modified":"2021-06-14T06:46:45","modified_gmt":"2021-06-14T06:46:45","slug":"erreportari-gaztea-saria-irabazleak","status":"publish","type":"post","link":"https:\/\/www.andoaindarraeuskaraz.eus\/es\/2021\/06\/14\/euskera-erreportari-gaztea-saria-irabazleak\/","title":{"rendered":"Ganadores Erreportari Gaztea 2021"},"content":{"rendered":"<p>Gorka Amatria y Aitor Pulp\u00f3n han ganado este a\u00f1o el primer premio de la <em>XXIII edici\u00f3n de Erreportari Gaztea Saria<\/em>.<\/p>\n<p><!--more Leer m\u00e1s--><\/p>\n<p><a href=\"https:\/\/www.andoaindarraeuskaraz.eus\/wp-content\/uploads\/2021\/06\/sarituak_twitch.jpg\"><img loading=\"lazy\" class=\" wp-image-8559 alignleft\" src=\"https:\/\/www.andoaindarraeuskaraz.eus\/wp-content\/uploads\/2021\/06\/sarituak_twitch.jpg\" alt=\"\" width=\"325\" height=\"223\" srcset=\"https:\/\/www.andoaindarraeuskaraz.eus\/wp-content\/uploads\/2021\/06\/sarituak_twitch.jpg 1440w, https:\/\/www.andoaindarraeuskaraz.eus\/wp-content\/uploads\/2021\/06\/sarituak_twitch-300x206.jpg 300w, https:\/\/www.andoaindarraeuskaraz.eus\/wp-content\/uploads\/2021\/06\/sarituak_twitch-768x529.jpg 768w, https:\/\/www.andoaindarraeuskaraz.eus\/wp-content\/uploads\/2021\/06\/sarituak_twitch-1024x705.jpg 1024w\" sizes=\"(max-width: 325px) 100vw, 325px\" \/><\/a>Los miembros del jurado, por unanimidad, han decidido otorgar el primer premio al reportaje \u00abTwitch\u00bb. Un trabajo educador con una meta claramente pedagogica y divulgativa. Gorka Amatria y Aitor Pulp\u00f3n (La Salle Berrozpe) han recogido en el reportaje \u00abTwitch\u00bb un tema de gran inter\u00e9s para los j\u00f3venes, que ellos controlan a la perfecci\u00f3n pero que, adem\u00e1s, da claves para que, el que no entienda la plataforma, sepa de qu\u00e9 va. En palabras del jurado: es un trabajo para mostrar a los padres y madres. En definitiva, es un reportaje que da cuenta de un mundo que va a cambiar una realidad general.<\/p>\n<p>En el concurso de 2021, han participado 60 j\u00f3venes de Andoain y alrededores, y en total, se han presentado 25 trabajos. Este a\u00f1o tambi\u00e9n se ha premiado otros dos trabajos:<br \/>\n<a href=\"https:\/\/www.andoaindarraeuskaraz.eus\/wp-content\/uploads\/2021\/06\/pornografia.jpg\"><img loading=\"lazy\" class=\"wp-image-8557 alignleft\" src=\"https:\/\/www.andoaindarraeuskaraz.eus\/wp-content\/uploads\/2021\/06\/pornografia.jpg\" alt=\"\" width=\"249\" height=\"171\" srcset=\"https:\/\/www.andoaindarraeuskaraz.eus\/wp-content\/uploads\/2021\/06\/pornografia.jpg 1440w, https:\/\/www.andoaindarraeuskaraz.eus\/wp-content\/uploads\/2021\/06\/pornografia-300x206.jpg 300w, https:\/\/www.andoaindarraeuskaraz.eus\/wp-content\/uploads\/2021\/06\/pornografia-768x529.jpg 768w, https:\/\/www.andoaindarraeuskaraz.eus\/wp-content\/uploads\/2021\/06\/pornografia-1024x705.jpg 1024w\" sizes=\"(max-width: 249px) 100vw, 249px\" \/><\/a><a href=\"https:\/\/www.andoaindarraeuskaraz.eus\/wp-content\/uploads\/2021\/06\/robotika.jpg\"><img loading=\"lazy\" class=\"wp-image-8558 alignleft\" src=\"https:\/\/www.andoaindarraeuskaraz.eus\/wp-content\/uploads\/2021\/06\/robotika.jpg\" alt=\"\" width=\"247\" height=\"170\" srcset=\"https:\/\/www.andoaindarraeuskaraz.eus\/wp-content\/uploads\/2021\/06\/robotika.jpg 1440w, https:\/\/www.andoaindarraeuskaraz.eus\/wp-content\/uploads\/2021\/06\/robotika-300x206.jpg 300w, https:\/\/www.andoaindarraeuskaraz.eus\/wp-content\/uploads\/2021\/06\/robotika-768x529.jpg 768w, https:\/\/www.andoaindarraeuskaraz.eus\/wp-content\/uploads\/2021\/06\/robotika-1024x705.jpg 1024w\" sizes=\"(max-width: 247px) 100vw, 247px\" \/><\/a>Por un lado, \u00abRobotika industriala: onura ala mehatxu?\u00bb, Markel Rabadan y E\u00f1aut Landa (Aita Larramendi Ikastola), que aborda un tema de rabiosa actualidad, y por otro lado, \u00abPornografia: nerabeen sexu-hezitzaile bakarra\u00bb, Unai Santano y Lander Dur\u00e1n (Instituto Leizaran). Cada pareja ha recibido un diploma y 180\u20ac, este \u00faltimo trabajo por la forma directa y correcta de presentar la falta de conocimiento de los j\u00f3venes con respecto a la sexualidad. Es un tema de gran inter\u00e9s y que han sabido abordar. El fin del reportaje est\u00e1 muy bien presentado y merece una menci\u00f3n tanto la reflexi\u00f3n que se realiza a principio como al final del mismo.<br \/>\nM\u00e1s informaci\u00f3n en<a href=\"https:\/\/erreportarigazteasaria.wordpress.com\/\" target=\"_blank\" rel=\"noopener noreferrer\">&nbsp;https:\/\/erreportarigazteasaria.wordpress.com\/<\/a><\/p>\n<p>&nbsp;<\/p>","protected":false},"excerpt":{"rendered":"<p>Disculpa, pero esta entrada est\u00e1 disponible s\u00f3lo en Euskera.<\/p>\n","protected":false},"author":1,"featured_media":8548,"comment_status":"closed","ping_status":"closed","sticky":false,"template":"","format":"standard","meta":[],"categories":[59,65,58,1],"tags":[80,77,79],"_links":{"self":[{"href":"https:\/\/www.andoaindarraeuskaraz.eus\/es\/wp-json\/wp\/v2\/posts\/8547"}],"collection":[{"href":"https:\/\/www.andoaindarraeuskaraz.eus\/es\/wp-json\/wp\/v2\/posts"}],"about":[{"href":"https:\/\/www.andoaindarraeuskaraz.eus\/es\/wp-json\/wp\/v2\/types\/post"}],"author":[{"embeddable":true,"href":"https:\/\/www.andoaindarraeuskaraz.eus\/es\/wp-json\/wp\/v2\/users\/1"}],"replies":[{"embeddable":true,"href":"https:\/\/www.andoaindarraeuskaraz.eus\/es\/wp-json\/wp\/v2\/comments?post=8547"}],"version-history":[{"count":15,"href":"https:\/\/www.andoaindarraeuskaraz.eus\/es\/wp-json\/wp\/v2\/posts\/8547\/revisions"}],"predecessor-version":[{"id":8566,"href":"https:\/\/www.andoaindarraeuskaraz.eus\/es\/wp-json\/wp\/v2\/posts\/8547\/revisions\/8566"}],"wp:featuredmedia":[{"embeddable":true,"href":"https:\/\/www.andoaindarraeuskaraz.eus\/es\/wp-json\/wp\/v2\/media\/8548"}],"wp:attachment":[{"href":"https:\/\/www.andoaindarraeuskaraz.eus\/es\/wp-json\/wp\/v2\/media?parent=8547"}],"wp:term":[{"taxonomy":"category","embeddable":true,"href":"https:\/\/www.andoaindarraeuskaraz.eus\/es\/wp-json\/wp\/v2\/categories?post=8547"},{"taxonomy":"post_tag","embeddable":true,"href":"https:\/\/www.andoaindarraeuskaraz.eus\/es\/wp-json\/wp\/v2\/tags?post=8547"}],"curies":[{"name":"wp","href":"https:\/\/api.w.org\/{rel}","templated":true}]}}