{"id":8966,"date":"2022-04-05T11:00:13","date_gmt":"2022-04-05T11:00:13","guid":{"rendered":"https:\/\/www.andoaindarraeuskaraz.eus\/?p=8966"},"modified":"2022-04-05T11:00:13","modified_gmt":"2022-04-05T11:00:13","slug":"lanbide-heziketa-euskaraz-2","status":"publish","type":"post","link":"https:\/\/www.andoaindarraeuskaraz.eus\/es\/2022\/04\/05\/formacion-profesional-en-modelo-d\/","title":{"rendered":"Formaci\u00f3n profesional en modelo D"},"content":{"rendered":"<p>Los seis ayuntamientos de Buruntzaldea (Urnieta, Andoain, Astigarraga, Hernani, Lasarte-Oria y Usurbil) invitan a la ciudadan\u00eda que se incorpora a la Formaci\u00f3n Profesional a elegir el modelo D. Con este objetivo, por sea por correo ordinario sea a trav\u00e9s de los centros escolares, se distribuir\u00e1 a las y los j\u00f3venes de nuestros pueblos\u00a0 informaci\u00f3n de los ciclos de grado medio y superior que ofrecen los centros de Formaci\u00f3n Profesional de Buruntzaldea.La realizaci\u00f3n de la Formaci\u00f3n Profesional en el modelo D permite consolidar y mejorar el euskera aprendido hasta el momento.<\/p>\n<p>Asimismo no hay que olvidar que el euskera ocupa cada vez m\u00e1s espacio en las empresas y en la sociedad, y que ser capaz de trabajar en euskera abre todas las puertas, no s\u00f3lo algunas, a la hora de encontrar trabajo. El buen conocimiento del euskera puede ser determinante en el futuro de estas y estos j\u00f3venes qu ese est\u00e1n formando, por eso es fundamental priorizar el modelo D a la hora de elegir el ciclo de formaci\u00f3n profesional.<\/p>\n<p>Adem\u00e1s, si se cursa el modelo D, se pueden obtener los certificados de euskera B-1 (si se cursa el ciclo de grado medio) y B-2 (si se cursa el de grado superior).<\/p>\n<p><span style=\"color: #0000ff;\"><strong><a style=\"color: #0000ff;\" href=\"https:\/\/www.andoaindarraeuskaraz.eus\/wp-content\/uploads\/2022\/04\/Eskuorria2022-23-A.pdf\">Folleto informativo<\/a><\/strong><\/span><\/p>","protected":false},"excerpt":{"rendered":"<p>Los seis ayuntamientos de Buruntzaldea (Urnieta, Andoain, Astigarraga, Hernani, Lasarte-Oria y Usurbil) invitan a la ciudadan\u00eda que se incorpora a la Formaci\u00f3n Profesional a elegir el modelo D. Con este objetivo, por sea por correo ordinario sea a trav\u00e9s de los centros escolares, se distribuir\u00e1 a las y los j\u00f3venes de nuestros pueblos\u00a0 informaci\u00f3n de&#8230; <\/p>\n<div class=\"clear\"><\/div>\n<p><a href=\"https:\/\/www.andoaindarraeuskaraz.eus\/es\/2022\/04\/05\/formacion-profesional-en-modelo-d\/\" class=\"excerpt-read-more\">Read More<i class=\"fa fa-caret-right icon-caret-right\"><\/i><\/a><\/p>\n","protected":false},"author":1,"featured_media":8967,"comment_status":"closed","ping_status":"closed","sticky":false,"template":"","format":"standard","meta":[],"categories":[59,57],"tags":[],"_links":{"self":[{"href":"https:\/\/www.andoaindarraeuskaraz.eus\/es\/wp-json\/wp\/v2\/posts\/8966"}],"collection":[{"href":"https:\/\/www.andoaindarraeuskaraz.eus\/es\/wp-json\/wp\/v2\/posts"}],"about":[{"href":"https:\/\/www.andoaindarraeuskaraz.eus\/es\/wp-json\/wp\/v2\/types\/post"}],"author":[{"embeddable":true,"href":"https:\/\/www.andoaindarraeuskaraz.eus\/es\/wp-json\/wp\/v2\/users\/1"}],"replies":[{"embeddable":true,"href":"https:\/\/www.andoaindarraeuskaraz.eus\/es\/wp-json\/wp\/v2\/comments?post=8966"}],"version-history":[{"count":1,"href":"https:\/\/www.andoaindarraeuskaraz.eus\/es\/wp-json\/wp\/v2\/posts\/8966\/revisions"}],"predecessor-version":[{"id":8969,"href":"https:\/\/www.andoaindarraeuskaraz.eus\/es\/wp-json\/wp\/v2\/posts\/8966\/revisions\/8969"}],"wp:featuredmedia":[{"embeddable":true,"href":"https:\/\/www.andoaindarraeuskaraz.eus\/es\/wp-json\/wp\/v2\/media\/8967"}],"wp:attachment":[{"href":"https:\/\/www.andoaindarraeuskaraz.eus\/es\/wp-json\/wp\/v2\/media?parent=8966"}],"wp:term":[{"taxonomy":"category","embeddable":true,"href":"https:\/\/www.andoaindarraeuskaraz.eus\/es\/wp-json\/wp\/v2\/categories?post=8966"},{"taxonomy":"post_tag","embeddable":true,"href":"https:\/\/www.andoaindarraeuskaraz.eus\/es\/wp-json\/wp\/v2\/tags?post=8966"}],"curies":[{"name":"wp","href":"https:\/\/api.w.org\/{rel}","templated":true}]}}