{"id":9035,"date":"2022-05-18T06:20:12","date_gmt":"2022-05-18T06:20:12","guid":{"rendered":"https:\/\/www.andoaindarraeuskaraz.eus\/?p=9035"},"modified":"2022-05-18T06:25:39","modified_gmt":"2022-05-18T06:25:39","slug":"xxxiv-rikardo-arregi-kazetaritza-saria-abian","status":"publish","type":"post","link":"https:\/\/www.andoaindarraeuskaraz.eus\/es\/2022\/05\/18\/euskera-xxxiv-rikardo-arregi-kazetaritza-saria-abian\/","title":{"rendered":"Edici\u00f3n XXXIV de los Premios de Periodismo Rikardo Arregi"},"content":{"rendered":"<p><em>El 15 de septiembre finaliza el plazo para presentar candidaturas al Premio<\/em><\/p>\n<p>El Ayuntamiento de Andoain y el Gobierno Vasco han presentado en la sede del Gobierno Vasco en Donostia-San Sebasti\u00e1n, los detalles de la convocatoria del Premio de Periodismo Rikardo Arregi del presente a\u00f1o. En el acto han participado, por parte del Ayuntamiento de Andoain, Alexander Huitzi Alfonso, concejal de Euskera y teniente de alcalde del Ayuntamiento de Andoain y por parte del Gobierno Vasco, Estibalitz Alkorta, directora de Promoci\u00f3n del Euskera del Gobierno Vasco.<\/p>\n<p>Se trata de la XXXIV\u00aa edici\u00f3n que, siguiendo con las novedades introducidas hace tres ediciones, convoca este a\u00f1o tambi\u00e9n dos premios: el <strong>\u00abPremio de Periodismo\u00bb<\/strong> y el <strong>\u00abPremio de Comunicaci\u00f3n\u00bb<\/strong>. Adem\u00e1s, tambi\u00e9n se nominar\u00e1n los finalistas, cuatro para el <em>Premio de Periodismo<\/em> y cuatro para el <em>Premio de Comunicaci\u00f3n<\/em>, como m\u00e1ximo. Cualquier persona podr\u00e1 presentar candidaturas a los premios, bien sea sobre s\u00ed misma o bien a favor de otra persona, entidad o proyecto, pero no ser\u00e1 requisito indispensable para la elecci\u00f3n de finalistas o premiados haber presentado previamente la candidatura.<\/p>\n<p><strong>Las y los ganadores de esta XXXIV\u00aa edici\u00f3n se conocer\u00e1n en noviembre, en el acto de entrega de premios que se celebrar\u00e1 en Andoain<\/strong><strong>.<\/strong><\/p>\n<p><strong><span style=\"color: #0000ff;\"><a style=\"color: #0000ff;\" href=\"https:\/\/www.andoaindarraeuskaraz.eus\/wp-content\/uploads\/2022\/05\/RAKS_eskuorria2022.pdf\">Bases<\/a><\/span><\/strong><\/p>\n<p><span style=\"color: #0000ff;\"><strong><a style=\"color: #0000ff;\" href=\"http:\/\/rikardoarregikazetaritzasaria.eus\/\">M\u00e1s informaci\u00f3n<\/a><\/strong><\/span><\/p>\n<p>&nbsp;<\/p>","protected":false},"excerpt":{"rendered":"<p>El 15 de septiembre finaliza el plazo para presentar candidaturas al Premio El Ayuntamiento de Andoain y el Gobierno Vasco han presentado en la sede del Gobierno Vasco en Donostia-San Sebasti\u00e1n, los detalles de la convocatoria del Premio de Periodismo Rikardo Arregi del presente a\u00f1o. En el acto han participado, por parte del Ayuntamiento de&#8230; <\/p>\n<div class=\"clear\"><\/div>\n<p><a href=\"https:\/\/www.andoaindarraeuskaraz.eus\/es\/2022\/05\/18\/euskera-xxxiv-rikardo-arregi-kazetaritza-saria-abian\/\" class=\"excerpt-read-more\">Read More<i class=\"fa fa-caret-right icon-caret-right\"><\/i><\/a><\/p>\n","protected":false},"author":1,"featured_media":9039,"comment_status":"closed","ping_status":"closed","sticky":false,"template":"","format":"standard","meta":[],"categories":[59,1,68],"tags":[],"_links":{"self":[{"href":"https:\/\/www.andoaindarraeuskaraz.eus\/es\/wp-json\/wp\/v2\/posts\/9035"}],"collection":[{"href":"https:\/\/www.andoaindarraeuskaraz.eus\/es\/wp-json\/wp\/v2\/posts"}],"about":[{"href":"https:\/\/www.andoaindarraeuskaraz.eus\/es\/wp-json\/wp\/v2\/types\/post"}],"author":[{"embeddable":true,"href":"https:\/\/www.andoaindarraeuskaraz.eus\/es\/wp-json\/wp\/v2\/users\/1"}],"replies":[{"embeddable":true,"href":"https:\/\/www.andoaindarraeuskaraz.eus\/es\/wp-json\/wp\/v2\/comments?post=9035"}],"version-history":[{"count":3,"href":"https:\/\/www.andoaindarraeuskaraz.eus\/es\/wp-json\/wp\/v2\/posts\/9035\/revisions"}],"predecessor-version":[{"id":9041,"href":"https:\/\/www.andoaindarraeuskaraz.eus\/es\/wp-json\/wp\/v2\/posts\/9035\/revisions\/9041"}],"wp:featuredmedia":[{"embeddable":true,"href":"https:\/\/www.andoaindarraeuskaraz.eus\/es\/wp-json\/wp\/v2\/media\/9039"}],"wp:attachment":[{"href":"https:\/\/www.andoaindarraeuskaraz.eus\/es\/wp-json\/wp\/v2\/media?parent=9035"}],"wp:term":[{"taxonomy":"category","embeddable":true,"href":"https:\/\/www.andoaindarraeuskaraz.eus\/es\/wp-json\/wp\/v2\/categories?post=9035"},{"taxonomy":"post_tag","embeddable":true,"href":"https:\/\/www.andoaindarraeuskaraz.eus\/es\/wp-json\/wp\/v2\/tags?post=9035"}],"curies":[{"name":"wp","href":"https:\/\/api.w.org\/{rel}","templated":true}]}}