{"id":9060,"date":"2022-05-31T12:02:36","date_gmt":"2022-05-31T12:02:36","guid":{"rendered":"https:\/\/www.andoaindarraeuskaraz.eus\/?p=9060"},"modified":"2022-05-31T12:03:20","modified_gmt":"2022-05-31T12:03:20","slug":"bilatu-buruntzaldeko-kultur-agenda-telegramen-eta-batu-zu-ere-sariak-daude","status":"publish","type":"post","link":"https:\/\/www.andoaindarraeuskaraz.eus\/es\/2022\/05\/31\/euskera-bilatu-buruntzaldeko-kultur-agenda-telegramen-eta-batu-zu-ere-sariak-daude\/","title":{"rendered":"Busca en Telegram \u00abBuruntzaldeko kultur agenda\u00bb y \u00fanete t\u00fa tambi\u00e9n!"},"content":{"rendered":"<p>Suscribirse puede tener premio. Entre todas las personas que participan se sortear\u00e1n el pr\u00f3ximo 9 de junio 12 entradas dobles para dos espect\u00e1culos: 6 para la obra de teatro \u201cTrapu zikinak\u201d, que se representar\u00e1 el 12 de junio en Usurbil, y otras 6 para el concierto de \u00abNeomak\u00bb en Bastero de Andoain el pr\u00f3ximo 17 de junio.<\/p>\n<p>Adem\u00e1s, si te suscribes recibir\u00e1s informaci\u00f3n sobre toda la programaci\u00f3n cultural en euskera de Buruntzaldea.<\/p>\n<p>Hasta ahora la p\u00e1gina web <span style=\"color: #0000ff;\"><strong><a style=\"color: #0000ff;\" href=\"https:\/\/euskara.buruntzaldea.eus\/euskara\/\">\u00a0Buruntzaldea Euskaraz <\/a><\/strong><\/span>\u00a0contaba con cuentas de Facebook y Twitter, pero a partir de ahora tambi\u00e9n tendr\u00e1 Instagram, Telegram, y ofrecer\u00e1 la oportunidad de recibir un bolet\u00edn electr\u00f3nico cada mes en tu correo.<\/p>","protected":false},"excerpt":{"rendered":"<p>Suscribirse puede tener premio. Entre todas las personas que participan se sortear\u00e1n el pr\u00f3ximo 9 de junio 12 entradas dobles para dos espect\u00e1culos: 6 para la obra de teatro \u201cTrapu zikinak\u201d, que se representar\u00e1 el 12 de junio en Usurbil, y otras 6 para el concierto de \u00abNeomak\u00bb en Bastero de Andoain el pr\u00f3ximo 17&#8230; <\/p>\n<div class=\"clear\"><\/div>\n<p><a href=\"https:\/\/www.andoaindarraeuskaraz.eus\/es\/2022\/05\/31\/euskera-bilatu-buruntzaldeko-kultur-agenda-telegramen-eta-batu-zu-ere-sariak-daude\/\" class=\"excerpt-read-more\">Read More<i class=\"fa fa-caret-right icon-caret-right\"><\/i><\/a><\/p>\n","protected":false},"author":1,"featured_media":9063,"comment_status":"closed","ping_status":"closed","sticky":false,"template":"","format":"standard","meta":[],"categories":[59],"tags":[],"_links":{"self":[{"href":"https:\/\/www.andoaindarraeuskaraz.eus\/es\/wp-json\/wp\/v2\/posts\/9060"}],"collection":[{"href":"https:\/\/www.andoaindarraeuskaraz.eus\/es\/wp-json\/wp\/v2\/posts"}],"about":[{"href":"https:\/\/www.andoaindarraeuskaraz.eus\/es\/wp-json\/wp\/v2\/types\/post"}],"author":[{"embeddable":true,"href":"https:\/\/www.andoaindarraeuskaraz.eus\/es\/wp-json\/wp\/v2\/users\/1"}],"replies":[{"embeddable":true,"href":"https:\/\/www.andoaindarraeuskaraz.eus\/es\/wp-json\/wp\/v2\/comments?post=9060"}],"version-history":[{"count":2,"href":"https:\/\/www.andoaindarraeuskaraz.eus\/es\/wp-json\/wp\/v2\/posts\/9060\/revisions"}],"predecessor-version":[{"id":9065,"href":"https:\/\/www.andoaindarraeuskaraz.eus\/es\/wp-json\/wp\/v2\/posts\/9060\/revisions\/9065"}],"wp:featuredmedia":[{"embeddable":true,"href":"https:\/\/www.andoaindarraeuskaraz.eus\/es\/wp-json\/wp\/v2\/media\/9063"}],"wp:attachment":[{"href":"https:\/\/www.andoaindarraeuskaraz.eus\/es\/wp-json\/wp\/v2\/media?parent=9060"}],"wp:term":[{"taxonomy":"category","embeddable":true,"href":"https:\/\/www.andoaindarraeuskaraz.eus\/es\/wp-json\/wp\/v2\/categories?post=9060"},{"taxonomy":"post_tag","embeddable":true,"href":"https:\/\/www.andoaindarraeuskaraz.eus\/es\/wp-json\/wp\/v2\/tags?post=9060"}],"curies":[{"name":"wp","href":"https:\/\/api.w.org\/{rel}","templated":true}]}}