{"id":9067,"date":"2022-06-09T07:11:24","date_gmt":"2022-06-09T07:11:24","guid":{"rendered":"https:\/\/www.andoaindarraeuskaraz.eus\/?p=9067"},"modified":"2022-06-20T12:15:09","modified_gmt":"2022-06-20T12:15:09","slug":"suaren-inguruan-letrekin-gozatzen","status":"publish","type":"post","link":"https:\/\/www.andoaindarraeuskaraz.eus\/es\/2022\/06\/09\/suaren-inguruan-letrekin-gozatzen\/","title":{"rendered":"Suaren inguruan letrekin gozatzen! Euria dela eta ONDARRETAko patioan arituko gara!!!"},"content":{"rendered":"<p><strong>\u00a1La Biblioteca municipal de Andoain, junto con el servicio de Euskera, sacan a la calle el club de lectura para recibir al verano!<\/strong><\/p>\n<p>La celebraci\u00f3n de San Juan nos ofrece una excusa perfecta para gozar con las costumbres, leyendas y cuentos que han nacido en torno a ella. Con este fin el club de lectura saldr\u00e1 a la calle el pr\u00f3ximo <strong>21 de junio, a las 5 de la tarde<\/strong>, en concreto a la plaza situada en la trasera de la Biblioteca. Maria Garcia ofrecer\u00e1 diferentes lecturas a <strong>ni\u00f1as y ni\u00f1os de entre 3 y 5 a\u00f1os as\u00ed como a sus familias<\/strong>. Como el objetivo de la actividad es que ni\u00f1as y ni\u00f1os compartan este espacio de lectura con sus familias, es necesario que cada peque\u00f1a venga acompa\u00f1ada de una persona adulta (si las-os ni\u00f1as-os son de la misma familia, cada dos pueden ser acompa\u00f1adas por una).<\/p>\n<p>Se llevar\u00e1n a cabo lecturas a viva voz, presentaciones de libros, comentarios y recomendaciones sobre libros le\u00eddos, y diversas iniciativas para disfrutar de la lectura. La sesi\u00f3n ser\u00e1 en euskera y no es necesario inscribirse previamente.<\/p>","protected":false},"excerpt":{"rendered":"<p>\u00a1La Biblioteca municipal de Andoain, junto con el servicio de Euskera, sacan a la calle el club de lectura para recibir al verano! La celebraci\u00f3n de San Juan nos ofrece una excusa perfecta para gozar con las costumbres, leyendas y cuentos que han nacido en torno a ella. Con este fin el club de lectura&#8230; <\/p>\n<div class=\"clear\"><\/div>\n<p><a href=\"https:\/\/www.andoaindarraeuskaraz.eus\/es\/2022\/06\/09\/suaren-inguruan-letrekin-gozatzen\/\" class=\"excerpt-read-more\">Read More<i class=\"fa fa-caret-right icon-caret-right\"><\/i><\/a><\/p>\n","protected":false},"author":1,"featured_media":9068,"comment_status":"closed","ping_status":"closed","sticky":false,"template":"","format":"standard","meta":[],"categories":[59,58],"tags":[],"_links":{"self":[{"href":"https:\/\/www.andoaindarraeuskaraz.eus\/es\/wp-json\/wp\/v2\/posts\/9067"}],"collection":[{"href":"https:\/\/www.andoaindarraeuskaraz.eus\/es\/wp-json\/wp\/v2\/posts"}],"about":[{"href":"https:\/\/www.andoaindarraeuskaraz.eus\/es\/wp-json\/wp\/v2\/types\/post"}],"author":[{"embeddable":true,"href":"https:\/\/www.andoaindarraeuskaraz.eus\/es\/wp-json\/wp\/v2\/users\/1"}],"replies":[{"embeddable":true,"href":"https:\/\/www.andoaindarraeuskaraz.eus\/es\/wp-json\/wp\/v2\/comments?post=9067"}],"version-history":[{"count":2,"href":"https:\/\/www.andoaindarraeuskaraz.eus\/es\/wp-json\/wp\/v2\/posts\/9067\/revisions"}],"predecessor-version":[{"id":9085,"href":"https:\/\/www.andoaindarraeuskaraz.eus\/es\/wp-json\/wp\/v2\/posts\/9067\/revisions\/9085"}],"wp:featuredmedia":[{"embeddable":true,"href":"https:\/\/www.andoaindarraeuskaraz.eus\/es\/wp-json\/wp\/v2\/media\/9068"}],"wp:attachment":[{"href":"https:\/\/www.andoaindarraeuskaraz.eus\/es\/wp-json\/wp\/v2\/media?parent=9067"}],"wp:term":[{"taxonomy":"category","embeddable":true,"href":"https:\/\/www.andoaindarraeuskaraz.eus\/es\/wp-json\/wp\/v2\/categories?post=9067"},{"taxonomy":"post_tag","embeddable":true,"href":"https:\/\/www.andoaindarraeuskaraz.eus\/es\/wp-json\/wp\/v2\/tags?post=9067"}],"curies":[{"name":"wp","href":"https:\/\/api.w.org\/{rel}","templated":true}]}}