{"id":9398,"date":"2023-01-10T11:35:01","date_gmt":"2023-01-10T11:35:01","guid":{"rendered":"https:\/\/www.andoaindarraeuskaraz.eus\/?p=9398"},"modified":"2023-01-10T11:40:08","modified_gmt":"2023-01-10T11:40:08","slug":"2022-23-ikasturtean-euskara-ikasteko-dirulaguntzak","status":"publish","type":"post","link":"https:\/\/www.andoaindarraeuskaraz.eus\/es\/2023\/01\/10\/subvenciones-para-estudiar-euskera-durante-el-curso-2022-23\/","title":{"rendered":"Subvenciones para estudiar euskera durante el curso 2022-23"},"content":{"rendered":"<p>Si has empezado en un curso de euskera\u00a0 a partir de octubre, y teminas antes del 1 de marzo de este a\u00f1o, puedes ya solicitar ayuda econ\u00f3mica <strong>antes del 9 de MARZO en el Ayuntamiento de Andoain.<\/strong><\/p>\n<p>Condiciones para la <strong>subvenci\u00f3n del 85%<\/strong> de la matr\u00edcula:<\/p>\n<ul>\n<li>Acreditar una asistencia m\u00ednima del 85%.<\/li>\n<li>No tener acceso a las subvenciones que ofrece HABE para el curso 2022-23. Ser\u00e1n excepci\u00f3n el alumnado nacido en 1991 o con anterioridad que ha superado el nivel C1 de HABE, as\u00ed como el alumnado que ha superado el nivel C2. En estos casos podr\u00e1n solicitar ayuda al Ayuntamiento de Andoain, aunque tambi\u00e9n les corresponda la de HABE.<\/li>\n<li>Presentar la solicitud y la documentaci\u00f3n en el plazo establecido al efecto.<\/li>\n<\/ul>\n<p>Puedes recuperar el <strong>100% de la matr\u00edcula<\/strong> si:<\/p>\n<ul>\n<li>Si el promedio de ingresos brutos por cada miembro de la unidad familiar no supera el SMI x 12 euros. En este caso puedes solicitar el anticipo del 80% de la matr\u00edcula (<a href=\"https:\/\/www.andoaindarraeuskaraz.eus\/wp-content\/uploads\/2023\/01\/GAO_2022_12_15.pdf\">consulta la convocatoria para conocer mas detalles<\/a>)<\/li>\n<li>Est\u00e1s en posesi\u00f3n del t\u00edtulo de familia numerosa.<\/li>\n<li>Formas parte de alguno de estos colectivos:\n<ul>\n<li>Andoaindarras que trabajan en alg\u00fan establecimiento comercial o de hosteler\u00eda de Andoain.<\/li>\n<li>Personas que cursan los niveles A0 y\/o A1.<\/li>\n<\/ul>\n<\/li>\n<\/ul>\n<p>Puedes solicitar el anticipo del 80% de la matr\u00edcula si inicias ahora un curso y te<\/p>\n<p>Fechas, cantidades m\u00e1ximas y m\u00e1s detalles los puedes encontrar en la convocatoria,\u00a0 <span style=\"color: #0000ff;\"><strong><a style=\"color: #0000ff;\" href=\"https:\/\/www.andoaindarraeuskaraz.eus\/wp-content\/uploads\/2023\/01\/GAO_2022_12_15.pdf\">HEMEN<\/a><\/strong><\/span><\/p>","protected":false},"excerpt":{"rendered":"<p>Si has empezado en un curso de euskera\u00a0 a partir de octubre, y teminas antes del 1 de marzo de este a\u00f1o, puedes ya solicitar ayuda econ\u00f3mica antes del 9 de MARZO en el Ayuntamiento de Andoain. Condiciones para la subvenci\u00f3n del 85% de la matr\u00edcula: Acreditar una asistencia m\u00ednima del 85%. No tener acceso&#8230; <\/p>\n<div class=\"clear\"><\/div>\n<p><a href=\"https:\/\/www.andoaindarraeuskaraz.eus\/es\/2023\/01\/10\/subvenciones-para-estudiar-euskera-durante-el-curso-2022-23\/\" class=\"excerpt-read-more\">Read More<i class=\"fa fa-caret-right icon-caret-right\"><\/i><\/a><\/p>\n","protected":false},"author":1,"featured_media":9400,"comment_status":"closed","ping_status":"closed","sticky":false,"template":"","format":"standard","meta":[],"categories":[59,1],"tags":[],"_links":{"self":[{"href":"https:\/\/www.andoaindarraeuskaraz.eus\/es\/wp-json\/wp\/v2\/posts\/9398"}],"collection":[{"href":"https:\/\/www.andoaindarraeuskaraz.eus\/es\/wp-json\/wp\/v2\/posts"}],"about":[{"href":"https:\/\/www.andoaindarraeuskaraz.eus\/es\/wp-json\/wp\/v2\/types\/post"}],"author":[{"embeddable":true,"href":"https:\/\/www.andoaindarraeuskaraz.eus\/es\/wp-json\/wp\/v2\/users\/1"}],"replies":[{"embeddable":true,"href":"https:\/\/www.andoaindarraeuskaraz.eus\/es\/wp-json\/wp\/v2\/comments?post=9398"}],"version-history":[{"count":2,"href":"https:\/\/www.andoaindarraeuskaraz.eus\/es\/wp-json\/wp\/v2\/posts\/9398\/revisions"}],"predecessor-version":[{"id":9401,"href":"https:\/\/www.andoaindarraeuskaraz.eus\/es\/wp-json\/wp\/v2\/posts\/9398\/revisions\/9401"}],"wp:featuredmedia":[{"embeddable":true,"href":"https:\/\/www.andoaindarraeuskaraz.eus\/es\/wp-json\/wp\/v2\/media\/9400"}],"wp:attachment":[{"href":"https:\/\/www.andoaindarraeuskaraz.eus\/es\/wp-json\/wp\/v2\/media?parent=9398"}],"wp:term":[{"taxonomy":"category","embeddable":true,"href":"https:\/\/www.andoaindarraeuskaraz.eus\/es\/wp-json\/wp\/v2\/categories?post=9398"},{"taxonomy":"post_tag","embeddable":true,"href":"https:\/\/www.andoaindarraeuskaraz.eus\/es\/wp-json\/wp\/v2\/tags?post=9398"}],"curies":[{"name":"wp","href":"https:\/\/api.w.org\/{rel}","templated":true}]}}