{"id":9615,"date":"2023-04-26T08:03:20","date_gmt":"2023-04-26T08:03:20","guid":{"rendered":"https:\/\/www.andoaindarraeuskaraz.eus\/?p=9615"},"modified":"2023-04-26T08:05:33","modified_gmt":"2023-04-26T08:05:33","slug":"andoainen-euskara-sustatzeko-jardueretarako-2023ko-dirulaguntza-deialdia","status":"publish","type":"post","link":"https:\/\/www.andoaindarraeuskaraz.eus\/es\/2023\/04\/26\/euskera-andoainen-euskara-sustatzeko-jardueretarako-2023ko-dirulaguntza-deialdia\/","title":{"rendered":"Convocatoria de subvenciones para el fomento del euskera en Andoain"},"content":{"rendered":"<p><\/p>\n<ul>\n<li><strong>El plazo de presentaci\u00f3n de solicitudes de ayudas por la realizaci\u00f3n de cursos en euskera para la obtencion del titulo de monitor\u00eda o direcci\u00f3n de tiempo libre, ser\u00e1 del 11 de septiembre al 13 de octubre.<\/strong><\/li>\n<\/ul>\n<ul>\n<li><strong>La ciudadan\u00eda andoaindarra menor de 30 a\u00f1os podr\u00e1 solicitar ayudas por la realizaci\u00f3n de cursos de verano de nivel universitario en euskera.<\/strong><\/li>\n<\/ul>\n<ul>\n<li><strong>Hasta el pr\u00f3ximo 16 de junio se podr\u00e1n solicitar subvenciones para la rotulaci\u00f3n en euskera de negocios, as\u00ed como para crear p\u00e1ginas web e instalar programas inform\u00e1ticos.<\/strong><\/li>\n<\/ul>\n<p>MAS INFORMACI\u00d3N, <strong><a href=\"https:\/\/www.andoaindarraeuskaraz.eus\/es\/ayudas-economicas\/\">AQU\u00cd<\/a><\/strong><\/p>","protected":false},"excerpt":{"rendered":"<p>El plazo de presentaci\u00f3n de solicitudes de ayudas por la realizaci\u00f3n de cursos en euskera para la obtencion del titulo de monitor\u00eda o direcci\u00f3n de tiempo libre, ser\u00e1 del 11 de septiembre al 13 de octubre. La ciudadan\u00eda andoaindarra menor de 30 a\u00f1os podr\u00e1 solicitar ayudas por la realizaci\u00f3n de cursos de verano de nivel&#8230; <\/p>\n<div class=\"clear\"><\/div>\n<p><a href=\"https:\/\/www.andoaindarraeuskaraz.eus\/es\/2023\/04\/26\/euskera-andoainen-euskara-sustatzeko-jardueretarako-2023ko-dirulaguntza-deialdia\/\" class=\"excerpt-read-more\">Read More<i class=\"fa fa-caret-right icon-caret-right\"><\/i><\/a><\/p>\n","protected":false},"author":1,"featured_media":9617,"comment_status":"closed","ping_status":"closed","sticky":false,"template":"","format":"standard","meta":[],"categories":[59,1],"tags":[],"_links":{"self":[{"href":"https:\/\/www.andoaindarraeuskaraz.eus\/es\/wp-json\/wp\/v2\/posts\/9615"}],"collection":[{"href":"https:\/\/www.andoaindarraeuskaraz.eus\/es\/wp-json\/wp\/v2\/posts"}],"about":[{"href":"https:\/\/www.andoaindarraeuskaraz.eus\/es\/wp-json\/wp\/v2\/types\/post"}],"author":[{"embeddable":true,"href":"https:\/\/www.andoaindarraeuskaraz.eus\/es\/wp-json\/wp\/v2\/users\/1"}],"replies":[{"embeddable":true,"href":"https:\/\/www.andoaindarraeuskaraz.eus\/es\/wp-json\/wp\/v2\/comments?post=9615"}],"version-history":[{"count":2,"href":"https:\/\/www.andoaindarraeuskaraz.eus\/es\/wp-json\/wp\/v2\/posts\/9615\/revisions"}],"predecessor-version":[{"id":9618,"href":"https:\/\/www.andoaindarraeuskaraz.eus\/es\/wp-json\/wp\/v2\/posts\/9615\/revisions\/9618"}],"wp:featuredmedia":[{"embeddable":true,"href":"https:\/\/www.andoaindarraeuskaraz.eus\/es\/wp-json\/wp\/v2\/media\/9617"}],"wp:attachment":[{"href":"https:\/\/www.andoaindarraeuskaraz.eus\/es\/wp-json\/wp\/v2\/media?parent=9615"}],"wp:term":[{"taxonomy":"category","embeddable":true,"href":"https:\/\/www.andoaindarraeuskaraz.eus\/es\/wp-json\/wp\/v2\/categories?post=9615"},{"taxonomy":"post_tag","embeddable":true,"href":"https:\/\/www.andoaindarraeuskaraz.eus\/es\/wp-json\/wp\/v2\/tags?post=9615"}],"curies":[{"name":"wp","href":"https:\/\/api.w.org\/{rel}","templated":true}]}}