{"id":9620,"date":"2023-05-04T09:36:03","date_gmt":"2023-05-04T09:36:03","guid":{"rendered":"https:\/\/www.andoaindarraeuskaraz.eus\/?p=9620"},"modified":"2023-05-04T09:40:44","modified_gmt":"2023-05-04T09:40:44","slug":"parketarrak-3","status":"publish","type":"post","link":"https:\/\/www.andoaindarraeuskaraz.eus\/es\/2023\/05\/04\/parketarrak-2\/","title":{"rendered":"PARKETARRAK"},"content":{"rendered":"<p><\/p>\n<h4><strong>\u00a0<\/strong><strong>El programa PARKETARRAK se desarrollar\u00e1 a lo largo del mes de mayo en Goikoplaza y Zumea plaza <\/strong><\/h4>\n<ul>\n<li>\n<h5><strong>En GOIKOPLAZA: 9, 16, 23 y 30 de mayo.<\/strong><\/h5>\n<\/li>\n<\/ul>\n<ul>\n<li>\n<h5><strong>En ZUMEA PLAZA: 10, 17, 24 y 31 de mayo.<\/strong><\/h5>\n<\/li>\n<\/ul>\n<h5><strong>Para ni\u00f1as y ni\u00f1os entre 3 y 5 a\u00f1os: de 17:15 a 18:15 (siempre con una persona adulta)<\/strong><\/h5>\n<h5><strong>Para ni\u00f1as y ni\u00f1os entre 6 y 9 a\u00f1os: de 18:15 a 19:15<\/strong><\/h5>\n<p>El Ayuntamiento de Andoain ha puesto en marcha para este mes de mayo, tal como lo hizo el pasado a\u00f1o, el programa PARKETARRAK.<\/p>\n<p>Los objetivos de este programa son los siguientes:<\/p>\n<ul>\n<li>Ofrecer a las familias y a las ni\u00f1as y ni\u00f1os recursos para jugar en euskera<\/li>\n<li>Crear n\u00facleos para que familias y ni\u00f1as y ni\u00f1os puedan reunirse alrededor del euskera.<\/li>\n<li>Reforzar la presencia del euskera en los lugares de juegodel municipio.<\/li>\n<\/ul>\n<p>Con este fin, los pr\u00f3ximos 9, 10, 16, 17, 23, 24, 30 y 31 de mayo, con la ayuda del personal dinamizador de Hezten, se desarrollar\u00e1n las sesiones de los siguientes programas:<\/p>\n<p><strong>ZABU ZIBU<\/strong>: de 17:15 a 18:15; dirigido a familias con ni\u00f1as y ni\u00f1os <strong><u>entre 3 y 5 a\u00f1os<\/u><\/strong>. En este caso es necesaria la participaci\u00f3n de una persona adulta por cada ni\u00f1a o ni\u00f1o.<\/p>\n<p><strong>TXIRRINTXON<\/strong>: de 18:15 a 19:15; dirigido a ni\u00f1as\u00a0 y ni\u00f1os entre <strong><u>6 y 9<\/u><u> a\u00f1os<\/u><\/strong>.<\/p>\n<p>No hay que realizar ninguna inscripci\u00f3n con antelaci\u00f3n, es suficiente con presentarse en la hora y lugar.<\/p>\n<p><a href=\"https:\/\/www.andoaindarraeuskaraz.eus\/wp-content\/uploads\/2023\/05\/PARKETARRAK_zirkularra_4hizkuntzatan.pdf\"><strong>CIRCULAR<\/strong><\/a><\/p>","protected":false},"excerpt":{"rendered":"<p>\u00a0El programa PARKETARRAK se desarrollar\u00e1 a lo largo del mes de mayo en Goikoplaza y Zumea plaza En GOIKOPLAZA: 9, 16, 23 y 30 de mayo. En ZUMEA PLAZA: 10, 17, 24 y 31 de mayo. Para ni\u00f1as y ni\u00f1os entre 3 y 5 a\u00f1os: de 17:15 a 18:15 (siempre con una persona adulta) Para&#8230; <\/p>\n<div class=\"clear\"><\/div>\n<p><a href=\"https:\/\/www.andoaindarraeuskaraz.eus\/es\/2023\/05\/04\/parketarrak-2\/\" class=\"excerpt-read-more\">Read More<i class=\"fa fa-caret-right icon-caret-right\"><\/i><\/a><\/p>\n","protected":false},"author":1,"featured_media":9622,"comment_status":"closed","ping_status":"closed","sticky":false,"template":"","format":"standard","meta":[],"categories":[59,57,58,1],"tags":[],"_links":{"self":[{"href":"https:\/\/www.andoaindarraeuskaraz.eus\/es\/wp-json\/wp\/v2\/posts\/9620"}],"collection":[{"href":"https:\/\/www.andoaindarraeuskaraz.eus\/es\/wp-json\/wp\/v2\/posts"}],"about":[{"href":"https:\/\/www.andoaindarraeuskaraz.eus\/es\/wp-json\/wp\/v2\/types\/post"}],"author":[{"embeddable":true,"href":"https:\/\/www.andoaindarraeuskaraz.eus\/es\/wp-json\/wp\/v2\/users\/1"}],"replies":[{"embeddable":true,"href":"https:\/\/www.andoaindarraeuskaraz.eus\/es\/wp-json\/wp\/v2\/comments?post=9620"}],"version-history":[{"count":5,"href":"https:\/\/www.andoaindarraeuskaraz.eus\/es\/wp-json\/wp\/v2\/posts\/9620\/revisions"}],"predecessor-version":[{"id":9627,"href":"https:\/\/www.andoaindarraeuskaraz.eus\/es\/wp-json\/wp\/v2\/posts\/9620\/revisions\/9627"}],"wp:featuredmedia":[{"embeddable":true,"href":"https:\/\/www.andoaindarraeuskaraz.eus\/es\/wp-json\/wp\/v2\/media\/9622"}],"wp:attachment":[{"href":"https:\/\/www.andoaindarraeuskaraz.eus\/es\/wp-json\/wp\/v2\/media?parent=9620"}],"wp:term":[{"taxonomy":"category","embeddable":true,"href":"https:\/\/www.andoaindarraeuskaraz.eus\/es\/wp-json\/wp\/v2\/categories?post=9620"},{"taxonomy":"post_tag","embeddable":true,"href":"https:\/\/www.andoaindarraeuskaraz.eus\/es\/wp-json\/wp\/v2\/tags?post=9620"}],"curies":[{"name":"wp","href":"https:\/\/api.w.org\/{rel}","templated":true}]}}